{"id":9445,"date":"2025-06-02T13:19:44","date_gmt":"2025-06-02T17:19:44","guid":{"rendered":"https:\/\/copesepb.ca\/?p=9445"},"modified":"2025-06-02T13:19:44","modified_gmt":"2025-06-02T17:19:44","slug":"le-congres-cope-sepb-2025-se-deroulera-comme-prevu","status":"publish","type":"post","link":"https:\/\/copesepb.ca\/fr\/le-congres-cope-sepb-2025-se-deroulera-comme-prevu\/","title":{"rendered":"Le congr\u00e8s COPE SEPB 2025 se d\u00e9roulera comme pr\u00e9vu"},"content":{"rendered":"<p>Ch\u00e8res personnes d\u00e9l\u00e9gu\u00e9es,<\/p>\n<p>Apr\u00e8s plusieurs discussions avec le gouvernement local et la direction de l&rsquo;h\u00f4tel, notre ex\u00e9cutif national a pris la d\u00e9cision de maintenir le congr\u00e8s COPE SEPB 2025 comme pr\u00e9vu.<\/p>\n<p>Cette d\u00e9cision n&rsquo;a pas \u00e9t\u00e9 facile \u00e0 prendre, car nous reconnaissons les d\u00e9fis auxquels de nombreux Manitobains sont confront\u00e9s. Certains ont perdu leur r\u00e9sidence alors que d\u2019autres ont \u00e9t\u00e9 contraints d\u2019\u00e9vacuer leur demeure en raison des feux de for\u00eat. Cependant, les autorit\u00e9s nous ont assur\u00e9 que notre pr\u00e9sence \u00e0 Winnipeg ne compromettra pas les efforts pour soutenir et h\u00e9berger les personnes qui ont \u00e9t\u00e9 \u00e9vacu\u00e9es et que l&rsquo;annulation de notre congr\u00e8s ne garantirait pas de place aux personnes d\u00e9plac\u00e9es ou sinistr\u00e9es.<\/p>\n<p>\u00c0 ce jour, le 2 juin 2025, nous avons re\u00e7u la confirmation que le premier ministre Wab Kinew se joindra \u00e0 nous et s&rsquo;adressera aux personnes d\u00e9l\u00e9gu\u00e9es.<\/p>\n<p><strong>Soutien aux personnes sinistr\u00e9es<\/strong><\/p>\n<p>Notre syndicat national examinera la possibilit\u00e9 de venir en aide aux personnes touch\u00e9es par les feux de for\u00eat par le biais d\u2019une contribution financi\u00e8re vers\u00e9e aux organisations qui soutiennent les personnes sinistr\u00e9es ou \u00e9vacu\u00e9es.<\/p>\n<p><strong>Sant\u00e9 et s\u00e9curit\u00e9 des d\u00e9l\u00e9gu\u00e9s<\/strong><\/p>\n<p>La sant\u00e9 et la s\u00e9curit\u00e9 de nos personnes d\u00e9l\u00e9gu\u00e9es sont primordiales. Actuellement, les recommandations de sant\u00e9 et de s\u00e9curit\u00e9 des gouvernements locaux concernent la qualit\u00e9 de l&rsquo;air \u00e0 Winnipeg. Nous encourageons les personnes d\u00e9l\u00e9gu\u00e9es ayant des probl\u00e8mes respiratoires \u00e0 rester \u00e0 l&rsquo;int\u00e9rieur autant que possible et \u00e0 \u00e9viter les activit\u00e9s physiques intenses \u00e0 l\u2019ext\u00e9rieur. Veuillez suivre les recommandations d\u2019Environnement Canada.<\/p>\n<p>Si n\u00e9cessaire, nous vous encourageons \u00e9galement \u00e0 porter des masques \u00e0 l&rsquo;ext\u00e9rieur. Nous aurons \u00e9galement des masques disponibles \u00e0 l&rsquo;inscription et tout au long du congr\u00e8s.<\/p>\n<p>Nous vous remercions pour votre compr\u00e9hension et votre patience face \u00e0 cette situation difficile. Nous sommes impatients de vous accueillir \u00e0 Winnipeg pour le congr\u00e8s COPE SEPB 2025 qui d\u00e9butera le mercredi 4 juin avec nos r\u00e9unions du comit\u00e9 \u00e9quit\u00e9 et l&rsquo;ouverture du congr\u00e8s le lendemain.<\/p>\n<p>Au nom de l\u2019ex\u00e9cutif national, merci.<\/p>\n<p>Annette Toth Pr\u00e9sidente<\/p>\n","protected":false},"excerpt":{"rendered":"<p>Ch\u00e8res personnes d\u00e9l\u00e9gu\u00e9es, Apr\u00e8s plusieurs discussions avec le gouvernement local et la direction de l&rsquo;h\u00f4tel, notre ex\u00e9cutif national a pris la d\u00e9cision de maintenir le congr\u00e8s COPE SEPB 2025 comme pr\u00e9vu. Cette d\u00e9cision n&rsquo;a pas \u00e9t\u00e9 facile \u00e0 prendre, car nous reconnaissons les d\u00e9fis auxquels de nombreux Manitobains sont confront\u00e9s. Certains ont perdu leur r\u00e9sidence [&hellip;]<\/p>\n","protected":false},"author":3,"featured_media":9226,"comment_status":"closed","ping_status":"open","sticky":false,"template":"","format":"standard","meta":{"_acf_changed":false,"footnotes":""},"categories":[1],"tags":[],"class_list":["post-9445","post","type-post","status-publish","format-standard","has-post-thumbnail","hentry","category-non-classifiee"],"acf":[],"yoast_head":"<!-- This site is optimized with the Yoast SEO plugin v26.9 - https:\/\/yoast.com\/product\/yoast-seo-wordpress\/ -->\n<title>Le congr\u00e8s COPE SEPB 2025 se d\u00e9roulera comme pr\u00e9vu - SEPB<\/title>\n<meta name=\"robots\" content=\"index, follow, max-snippet:-1, max-image-preview:large, max-video-preview:-1\" \/>\n<link rel=\"canonical\" href=\"https:\/\/copesepb.ca\/fr\/le-congres-cope-sepb-2025-se-deroulera-comme-prevu\/\" \/>\n<meta property=\"og:locale\" content=\"fr_FR\" \/>\n<meta property=\"og:type\" content=\"article\" \/>\n<meta property=\"og:title\" content=\"Le congr\u00e8s COPE SEPB 2025 se d\u00e9roulera comme pr\u00e9vu - SEPB\" \/>\n<meta property=\"og:description\" content=\"Ch\u00e8res personnes d\u00e9l\u00e9gu\u00e9es, Apr\u00e8s plusieurs discussions avec le gouvernement local et la direction de l&rsquo;h\u00f4tel, notre ex\u00e9cutif national a pris la d\u00e9cision de maintenir le congr\u00e8s COPE SEPB 2025 comme pr\u00e9vu. Cette d\u00e9cision n&rsquo;a pas \u00e9t\u00e9 facile \u00e0 prendre, car nous reconnaissons les d\u00e9fis auxquels de nombreux Manitobains sont confront\u00e9s. Certains ont perdu leur r\u00e9sidence [&hellip;]\" \/>\n<meta property=\"og:url\" content=\"https:\/\/copesepb.ca\/fr\/le-congres-cope-sepb-2025-se-deroulera-comme-prevu\/\" \/>\n<meta property=\"og:site_name\" content=\"SEPB\" \/>\n<meta property=\"article:published_time\" content=\"2025-06-02T17:19:44+00:00\" \/>\n<meta property=\"og:image\" content=\"https:\/\/copesepb.ca\/wp-content\/uploads\/2025\/05\/Convention2025-2-1.jpg\" \/>\n\t<meta property=\"og:image:width\" content=\"513\" \/>\n\t<meta property=\"og:image:height\" content=\"577\" \/>\n\t<meta property=\"og:image:type\" content=\"image\/jpeg\" \/>\n<meta name=\"author\" content=\"Dave\" \/>\n<meta name=\"twitter:card\" content=\"summary_large_image\" \/>\n<meta name=\"twitter:label1\" content=\"\u00c9crit par\" \/>\n\t<meta name=\"twitter:data1\" content=\"Dave\" \/>\n\t<meta name=\"twitter:label2\" content=\"Dur\u00e9e de lecture estim\u00e9e\" \/>\n\t<meta name=\"twitter:data2\" content=\"2 minutes\" \/>\n<script type=\"application\/ld+json\" class=\"yoast-schema-graph\">{\"@context\":\"https:\/\/schema.org\",\"@graph\":[{\"@type\":\"Article\",\"@id\":\"https:\/\/copesepb.ca\/fr\/le-congres-cope-sepb-2025-se-deroulera-comme-prevu\/#article\",\"isPartOf\":{\"@id\":\"https:\/\/copesepb.ca\/fr\/le-congres-cope-sepb-2025-se-deroulera-comme-prevu\/\"},\"author\":{\"name\":\"Dave\",\"@id\":\"https:\/\/copesepb.ca\/#\/schema\/person\/a9c2242f274c16f64a8e1410b8ce0425\"},\"headline\":\"Le congr\u00e8s COPE SEPB 2025 se d\u00e9roulera comme pr\u00e9vu\",\"datePublished\":\"2025-06-02T17:19:44+00:00\",\"mainEntityOfPage\":{\"@id\":\"https:\/\/copesepb.ca\/fr\/le-congres-cope-sepb-2025-se-deroulera-comme-prevu\/\"},\"wordCount\":390,\"image\":{\"@id\":\"https:\/\/copesepb.ca\/fr\/le-congres-cope-sepb-2025-se-deroulera-comme-prevu\/#primaryimage\"},\"thumbnailUrl\":\"https:\/\/copesepb.ca\/wp-content\/uploads\/2025\/05\/Convention2025-2-1.jpg\",\"articleSection\":[\"Non classifi\u00e9(e)\"],\"inLanguage\":\"fr-FR\"},{\"@type\":\"WebPage\",\"@id\":\"https:\/\/copesepb.ca\/fr\/le-congres-cope-sepb-2025-se-deroulera-comme-prevu\/\",\"url\":\"https:\/\/copesepb.ca\/fr\/le-congres-cope-sepb-2025-se-deroulera-comme-prevu\/\",\"name\":\"Le congr\u00e8s COPE SEPB 2025 se d\u00e9roulera comme pr\u00e9vu - SEPB\",\"isPartOf\":{\"@id\":\"https:\/\/copesepb.ca\/#website\"},\"primaryImageOfPage\":{\"@id\":\"https:\/\/copesepb.ca\/fr\/le-congres-cope-sepb-2025-se-deroulera-comme-prevu\/#primaryimage\"},\"image\":{\"@id\":\"https:\/\/copesepb.ca\/fr\/le-congres-cope-sepb-2025-se-deroulera-comme-prevu\/#primaryimage\"},\"thumbnailUrl\":\"https:\/\/copesepb.ca\/wp-content\/uploads\/2025\/05\/Convention2025-2-1.jpg\",\"datePublished\":\"2025-06-02T17:19:44+00:00\",\"author\":{\"@id\":\"https:\/\/copesepb.ca\/#\/schema\/person\/a9c2242f274c16f64a8e1410b8ce0425\"},\"breadcrumb\":{\"@id\":\"https:\/\/copesepb.ca\/fr\/le-congres-cope-sepb-2025-se-deroulera-comme-prevu\/#breadcrumb\"},\"inLanguage\":\"fr-FR\",\"potentialAction\":[{\"@type\":\"ReadAction\",\"target\":[\"https:\/\/copesepb.ca\/fr\/le-congres-cope-sepb-2025-se-deroulera-comme-prevu\/\"]}]},{\"@type\":\"ImageObject\",\"inLanguage\":\"fr-FR\",\"@id\":\"https:\/\/copesepb.ca\/fr\/le-congres-cope-sepb-2025-se-deroulera-comme-prevu\/#primaryimage\",\"url\":\"https:\/\/copesepb.ca\/wp-content\/uploads\/2025\/05\/Convention2025-2-1.jpg\",\"contentUrl\":\"https:\/\/copesepb.ca\/wp-content\/uploads\/2025\/05\/Convention2025-2-1.jpg\",\"width\":513,\"height\":577},{\"@type\":\"BreadcrumbList\",\"@id\":\"https:\/\/copesepb.ca\/fr\/le-congres-cope-sepb-2025-se-deroulera-comme-prevu\/#breadcrumb\",\"itemListElement\":[{\"@type\":\"ListItem\",\"position\":1,\"name\":\"Accueil\",\"item\":\"https:\/\/copesepb.ca\/\"},{\"@type\":\"ListItem\",\"position\":2,\"name\":\"Le congr\u00e8s COPE SEPB 2025 se d\u00e9roulera comme pr\u00e9vu\"}]},{\"@type\":\"WebSite\",\"@id\":\"https:\/\/copesepb.ca\/#website\",\"url\":\"https:\/\/copesepb.ca\/\",\"name\":\"SEPB\",\"description\":\"\",\"potentialAction\":[{\"@type\":\"SearchAction\",\"target\":{\"@type\":\"EntryPoint\",\"urlTemplate\":\"https:\/\/copesepb.ca\/?s={search_term_string}\"},\"query-input\":{\"@type\":\"PropertyValueSpecification\",\"valueRequired\":true,\"valueName\":\"search_term_string\"}}],\"inLanguage\":\"fr-FR\"},{\"@type\":\"Person\",\"@id\":\"https:\/\/copesepb.ca\/#\/schema\/person\/a9c2242f274c16f64a8e1410b8ce0425\",\"name\":\"Dave\",\"image\":{\"@type\":\"ImageObject\",\"inLanguage\":\"fr-FR\",\"@id\":\"https:\/\/copesepb.ca\/#\/schema\/person\/image\/\",\"url\":\"https:\/\/secure.gravatar.com\/avatar\/e4a06be28520c72e5f24d8321918ee30e1a2b87a535c46e526760843fb1e6a07?s=96&d=mm&r=g\",\"contentUrl\":\"https:\/\/secure.gravatar.com\/avatar\/e4a06be28520c72e5f24d8321918ee30e1a2b87a535c46e526760843fb1e6a07?s=96&d=mm&r=g\",\"caption\":\"Dave\"}}]}<\/script>\n<!-- \/ Yoast SEO plugin. -->","yoast_head_json":{"title":"Le congr\u00e8s COPE SEPB 2025 se d\u00e9roulera comme pr\u00e9vu - SEPB","robots":{"index":"index","follow":"follow","max-snippet":"max-snippet:-1","max-image-preview":"max-image-preview:large","max-video-preview":"max-video-preview:-1"},"canonical":"https:\/\/copesepb.ca\/fr\/le-congres-cope-sepb-2025-se-deroulera-comme-prevu\/","og_locale":"fr_FR","og_type":"article","og_title":"Le congr\u00e8s COPE SEPB 2025 se d\u00e9roulera comme pr\u00e9vu - SEPB","og_description":"Ch\u00e8res personnes d\u00e9l\u00e9gu\u00e9es, Apr\u00e8s plusieurs discussions avec le gouvernement local et la direction de l&rsquo;h\u00f4tel, notre ex\u00e9cutif national a pris la d\u00e9cision de maintenir le congr\u00e8s COPE SEPB 2025 comme pr\u00e9vu. Cette d\u00e9cision n&rsquo;a pas \u00e9t\u00e9 facile \u00e0 prendre, car nous reconnaissons les d\u00e9fis auxquels de nombreux Manitobains sont confront\u00e9s. Certains ont perdu leur r\u00e9sidence [&hellip;]","og_url":"https:\/\/copesepb.ca\/fr\/le-congres-cope-sepb-2025-se-deroulera-comme-prevu\/","og_site_name":"SEPB","article_published_time":"2025-06-02T17:19:44+00:00","og_image":[{"width":513,"height":577,"url":"https:\/\/copesepb.ca\/wp-content\/uploads\/2025\/05\/Convention2025-2-1.jpg","type":"image\/jpeg"}],"author":"Dave","twitter_card":"summary_large_image","twitter_misc":{"\u00c9crit par":"Dave","Dur\u00e9e de lecture estim\u00e9e":"2 minutes"},"schema":{"@context":"https:\/\/schema.org","@graph":[{"@type":"Article","@id":"https:\/\/copesepb.ca\/fr\/le-congres-cope-sepb-2025-se-deroulera-comme-prevu\/#article","isPartOf":{"@id":"https:\/\/copesepb.ca\/fr\/le-congres-cope-sepb-2025-se-deroulera-comme-prevu\/"},"author":{"name":"Dave","@id":"https:\/\/copesepb.ca\/#\/schema\/person\/a9c2242f274c16f64a8e1410b8ce0425"},"headline":"Le congr\u00e8s COPE SEPB 2025 se d\u00e9roulera comme pr\u00e9vu","datePublished":"2025-06-02T17:19:44+00:00","mainEntityOfPage":{"@id":"https:\/\/copesepb.ca\/fr\/le-congres-cope-sepb-2025-se-deroulera-comme-prevu\/"},"wordCount":390,"image":{"@id":"https:\/\/copesepb.ca\/fr\/le-congres-cope-sepb-2025-se-deroulera-comme-prevu\/#primaryimage"},"thumbnailUrl":"https:\/\/copesepb.ca\/wp-content\/uploads\/2025\/05\/Convention2025-2-1.jpg","articleSection":["Non classifi\u00e9(e)"],"inLanguage":"fr-FR"},{"@type":"WebPage","@id":"https:\/\/copesepb.ca\/fr\/le-congres-cope-sepb-2025-se-deroulera-comme-prevu\/","url":"https:\/\/copesepb.ca\/fr\/le-congres-cope-sepb-2025-se-deroulera-comme-prevu\/","name":"Le congr\u00e8s COPE SEPB 2025 se d\u00e9roulera comme pr\u00e9vu - SEPB","isPartOf":{"@id":"https:\/\/copesepb.ca\/#website"},"primaryImageOfPage":{"@id":"https:\/\/copesepb.ca\/fr\/le-congres-cope-sepb-2025-se-deroulera-comme-prevu\/#primaryimage"},"image":{"@id":"https:\/\/copesepb.ca\/fr\/le-congres-cope-sepb-2025-se-deroulera-comme-prevu\/#primaryimage"},"thumbnailUrl":"https:\/\/copesepb.ca\/wp-content\/uploads\/2025\/05\/Convention2025-2-1.jpg","datePublished":"2025-06-02T17:19:44+00:00","author":{"@id":"https:\/\/copesepb.ca\/#\/schema\/person\/a9c2242f274c16f64a8e1410b8ce0425"},"breadcrumb":{"@id":"https:\/\/copesepb.ca\/fr\/le-congres-cope-sepb-2025-se-deroulera-comme-prevu\/#breadcrumb"},"inLanguage":"fr-FR","potentialAction":[{"@type":"ReadAction","target":["https:\/\/copesepb.ca\/fr\/le-congres-cope-sepb-2025-se-deroulera-comme-prevu\/"]}]},{"@type":"ImageObject","inLanguage":"fr-FR","@id":"https:\/\/copesepb.ca\/fr\/le-congres-cope-sepb-2025-se-deroulera-comme-prevu\/#primaryimage","url":"https:\/\/copesepb.ca\/wp-content\/uploads\/2025\/05\/Convention2025-2-1.jpg","contentUrl":"https:\/\/copesepb.ca\/wp-content\/uploads\/2025\/05\/Convention2025-2-1.jpg","width":513,"height":577},{"@type":"BreadcrumbList","@id":"https:\/\/copesepb.ca\/fr\/le-congres-cope-sepb-2025-se-deroulera-comme-prevu\/#breadcrumb","itemListElement":[{"@type":"ListItem","position":1,"name":"Accueil","item":"https:\/\/copesepb.ca\/"},{"@type":"ListItem","position":2,"name":"Le congr\u00e8s COPE SEPB 2025 se d\u00e9roulera comme pr\u00e9vu"}]},{"@type":"WebSite","@id":"https:\/\/copesepb.ca\/#website","url":"https:\/\/copesepb.ca\/","name":"SEPB","description":"","potentialAction":[{"@type":"SearchAction","target":{"@type":"EntryPoint","urlTemplate":"https:\/\/copesepb.ca\/?s={search_term_string}"},"query-input":{"@type":"PropertyValueSpecification","valueRequired":true,"valueName":"search_term_string"}}],"inLanguage":"fr-FR"},{"@type":"Person","@id":"https:\/\/copesepb.ca\/#\/schema\/person\/a9c2242f274c16f64a8e1410b8ce0425","name":"Dave","image":{"@type":"ImageObject","inLanguage":"fr-FR","@id":"https:\/\/copesepb.ca\/#\/schema\/person\/image\/","url":"https:\/\/secure.gravatar.com\/avatar\/e4a06be28520c72e5f24d8321918ee30e1a2b87a535c46e526760843fb1e6a07?s=96&d=mm&r=g","contentUrl":"https:\/\/secure.gravatar.com\/avatar\/e4a06be28520c72e5f24d8321918ee30e1a2b87a535c46e526760843fb1e6a07?s=96&d=mm&r=g","caption":"Dave"}}]}},"_links":{"self":[{"href":"https:\/\/copesepb.ca\/fr\/wp-json\/wp\/v2\/posts\/9445","targetHints":{"allow":["GET"]}}],"collection":[{"href":"https:\/\/copesepb.ca\/fr\/wp-json\/wp\/v2\/posts"}],"about":[{"href":"https:\/\/copesepb.ca\/fr\/wp-json\/wp\/v2\/types\/post"}],"author":[{"embeddable":true,"href":"https:\/\/copesepb.ca\/fr\/wp-json\/wp\/v2\/users\/3"}],"replies":[{"embeddable":true,"href":"https:\/\/copesepb.ca\/fr\/wp-json\/wp\/v2\/comments?post=9445"}],"version-history":[{"count":1,"href":"https:\/\/copesepb.ca\/fr\/wp-json\/wp\/v2\/posts\/9445\/revisions"}],"predecessor-version":[{"id":9446,"href":"https:\/\/copesepb.ca\/fr\/wp-json\/wp\/v2\/posts\/9445\/revisions\/9446"}],"wp:featuredmedia":[{"embeddable":true,"href":"https:\/\/copesepb.ca\/fr\/wp-json\/wp\/v2\/media\/9226"}],"wp:attachment":[{"href":"https:\/\/copesepb.ca\/fr\/wp-json\/wp\/v2\/media?parent=9445"}],"wp:term":[{"taxonomy":"category","embeddable":true,"href":"https:\/\/copesepb.ca\/fr\/wp-json\/wp\/v2\/categories?post=9445"},{"taxonomy":"post_tag","embeddable":true,"href":"https:\/\/copesepb.ca\/fr\/wp-json\/wp\/v2\/tags?post=9445"}],"curies":[{"name":"wp","href":"https:\/\/api.w.org\/{rel}","templated":true}]}}