{"id":9432,"date":"2025-06-01T23:22:54","date_gmt":"2025-06-02T03:22:54","guid":{"rendered":"https:\/\/copesepb.ca\/?p=9432"},"modified":"2025-06-01T23:46:07","modified_gmt":"2025-06-02T03:46:07","slug":"mise-a-jour-feux-de-foret-et-congres","status":"publish","type":"post","link":"https:\/\/copesepb.ca\/fr\/mise-a-jour-feux-de-foret-et-congres\/","title":{"rendered":"Mise \u00e0 jour \u2013 Feux de for\u00eat et congr\u00e8s"},"content":{"rendered":"<p>Nous suivons de pr\u00e8s la situation des feux de for\u00eat au Manitoba. L\u2019ex\u00e9cutif national du COPE SEPB tiendra une r\u00e9union demain pour d\u00e9cider si le congr\u00e8s aura lieu ou non.<br \/>\nVotre s\u00e9curit\u00e9 et le respect envers les personnes sinistr\u00e9es et \u00e9vacu\u00e9es au Manitoba sont nos priorit\u00e9s. Merci de votre patience. Nous vous tiendrons inform\u00e9\u00b7e\u00b7s d\u00e8s qu\u2019une d\u00e9cision sera prise.<\/p>\n<p>&nbsp;<\/p>\n","protected":false},"excerpt":{"rendered":"<p>Nous suivons de pr\u00e8s la situation des feux de for\u00eat au Manitoba. L\u2019ex\u00e9cutif national du COPE SEPB tiendra une r\u00e9union demain pour d\u00e9cider si le congr\u00e8s aura lieu ou non. Votre s\u00e9curit\u00e9 et le respect envers les personnes sinistr\u00e9es et \u00e9vacu\u00e9es au Manitoba sont nos priorit\u00e9s. Merci de votre patience. Nous vous tiendrons inform\u00e9\u00b7e\u00b7s d\u00e8s [&hellip;]<\/p>\n","protected":false},"author":3,"featured_media":9226,"comment_status":"closed","ping_status":"open","sticky":false,"template":"","format":"standard","meta":{"_acf_changed":false,"footnotes":""},"categories":[1],"tags":[],"class_list":["post-9432","post","type-post","status-publish","format-standard","has-post-thumbnail","hentry","category-non-classifiee"],"acf":[],"yoast_head":"<!-- This site is optimized with the Yoast SEO plugin v26.9 - https:\/\/yoast.com\/product\/yoast-seo-wordpress\/ -->\n<title>Mise \u00e0 jour \u2013 Feux de for\u00eat et congr\u00e8s - SEPB<\/title>\n<meta name=\"robots\" content=\"index, follow, max-snippet:-1, max-image-preview:large, max-video-preview:-1\" \/>\n<link rel=\"canonical\" href=\"https:\/\/copesepb.ca\/fr\/mise-a-jour-feux-de-foret-et-congres\/\" \/>\n<meta property=\"og:locale\" content=\"fr_FR\" \/>\n<meta property=\"og:type\" content=\"article\" \/>\n<meta property=\"og:title\" content=\"Mise \u00e0 jour \u2013 Feux de for\u00eat et congr\u00e8s - SEPB\" \/>\n<meta property=\"og:description\" content=\"Nous suivons de pr\u00e8s la situation des feux de for\u00eat au Manitoba. L\u2019ex\u00e9cutif national du COPE SEPB tiendra une r\u00e9union demain pour d\u00e9cider si le congr\u00e8s aura lieu ou non. Votre s\u00e9curit\u00e9 et le respect envers les personnes sinistr\u00e9es et \u00e9vacu\u00e9es au Manitoba sont nos priorit\u00e9s. Merci de votre patience. Nous vous tiendrons inform\u00e9\u00b7e\u00b7s d\u00e8s [&hellip;]\" \/>\n<meta property=\"og:url\" content=\"https:\/\/copesepb.ca\/fr\/mise-a-jour-feux-de-foret-et-congres\/\" \/>\n<meta property=\"og:site_name\" content=\"SEPB\" \/>\n<meta property=\"article:published_time\" content=\"2025-06-02T03:22:54+00:00\" \/>\n<meta property=\"article:modified_time\" content=\"2025-06-02T03:46:07+00:00\" \/>\n<meta property=\"og:image\" content=\"https:\/\/copesepb.ca\/wp-content\/uploads\/2025\/05\/Convention2025-2-1.jpg\" \/>\n\t<meta property=\"og:image:width\" content=\"513\" \/>\n\t<meta property=\"og:image:height\" content=\"577\" \/>\n\t<meta property=\"og:image:type\" content=\"image\/jpeg\" \/>\n<meta name=\"author\" content=\"Dave\" \/>\n<meta name=\"twitter:card\" content=\"summary_large_image\" \/>\n<meta name=\"twitter:label1\" content=\"\u00c9crit par\" \/>\n\t<meta name=\"twitter:data1\" content=\"Dave\" \/>\n\t<meta name=\"twitter:label2\" content=\"Dur\u00e9e de lecture estim\u00e9e\" \/>\n\t<meta name=\"twitter:data2\" content=\"1 minute\" \/>\n<script type=\"application\/ld+json\" class=\"yoast-schema-graph\">{\"@context\":\"https:\/\/schema.org\",\"@graph\":[{\"@type\":\"Article\",\"@id\":\"https:\/\/copesepb.ca\/fr\/mise-a-jour-feux-de-foret-et-congres\/#article\",\"isPartOf\":{\"@id\":\"https:\/\/copesepb.ca\/fr\/mise-a-jour-feux-de-foret-et-congres\/\"},\"author\":{\"name\":\"Dave\",\"@id\":\"https:\/\/copesepb.ca\/#\/schema\/person\/a9c2242f274c16f64a8e1410b8ce0425\"},\"headline\":\"Mise \u00e0 jour \u2013 Feux de for\u00eat et congr\u00e8s\",\"datePublished\":\"2025-06-02T03:22:54+00:00\",\"dateModified\":\"2025-06-02T03:46:07+00:00\",\"mainEntityOfPage\":{\"@id\":\"https:\/\/copesepb.ca\/fr\/mise-a-jour-feux-de-foret-et-congres\/\"},\"wordCount\":85,\"image\":{\"@id\":\"https:\/\/copesepb.ca\/fr\/mise-a-jour-feux-de-foret-et-congres\/#primaryimage\"},\"thumbnailUrl\":\"https:\/\/copesepb.ca\/wp-content\/uploads\/2025\/05\/Convention2025-2-1.jpg\",\"articleSection\":[\"Non classifi\u00e9(e)\"],\"inLanguage\":\"fr-FR\"},{\"@type\":\"WebPage\",\"@id\":\"https:\/\/copesepb.ca\/fr\/mise-a-jour-feux-de-foret-et-congres\/\",\"url\":\"https:\/\/copesepb.ca\/fr\/mise-a-jour-feux-de-foret-et-congres\/\",\"name\":\"Mise \u00e0 jour \u2013 Feux de for\u00eat et congr\u00e8s - SEPB\",\"isPartOf\":{\"@id\":\"https:\/\/copesepb.ca\/#website\"},\"primaryImageOfPage\":{\"@id\":\"https:\/\/copesepb.ca\/fr\/mise-a-jour-feux-de-foret-et-congres\/#primaryimage\"},\"image\":{\"@id\":\"https:\/\/copesepb.ca\/fr\/mise-a-jour-feux-de-foret-et-congres\/#primaryimage\"},\"thumbnailUrl\":\"https:\/\/copesepb.ca\/wp-content\/uploads\/2025\/05\/Convention2025-2-1.jpg\",\"datePublished\":\"2025-06-02T03:22:54+00:00\",\"dateModified\":\"2025-06-02T03:46:07+00:00\",\"author\":{\"@id\":\"https:\/\/copesepb.ca\/#\/schema\/person\/a9c2242f274c16f64a8e1410b8ce0425\"},\"breadcrumb\":{\"@id\":\"https:\/\/copesepb.ca\/fr\/mise-a-jour-feux-de-foret-et-congres\/#breadcrumb\"},\"inLanguage\":\"fr-FR\",\"potentialAction\":[{\"@type\":\"ReadAction\",\"target\":[\"https:\/\/copesepb.ca\/fr\/mise-a-jour-feux-de-foret-et-congres\/\"]}]},{\"@type\":\"ImageObject\",\"inLanguage\":\"fr-FR\",\"@id\":\"https:\/\/copesepb.ca\/fr\/mise-a-jour-feux-de-foret-et-congres\/#primaryimage\",\"url\":\"https:\/\/copesepb.ca\/wp-content\/uploads\/2025\/05\/Convention2025-2-1.jpg\",\"contentUrl\":\"https:\/\/copesepb.ca\/wp-content\/uploads\/2025\/05\/Convention2025-2-1.jpg\",\"width\":513,\"height\":577},{\"@type\":\"BreadcrumbList\",\"@id\":\"https:\/\/copesepb.ca\/fr\/mise-a-jour-feux-de-foret-et-congres\/#breadcrumb\",\"itemListElement\":[{\"@type\":\"ListItem\",\"position\":1,\"name\":\"Accueil\",\"item\":\"https:\/\/copesepb.ca\/\"},{\"@type\":\"ListItem\",\"position\":2,\"name\":\"Mise \u00e0 jour \u2013 Feux de for\u00eat et congr\u00e8s\"}]},{\"@type\":\"WebSite\",\"@id\":\"https:\/\/copesepb.ca\/#website\",\"url\":\"https:\/\/copesepb.ca\/\",\"name\":\"SEPB\",\"description\":\"\",\"potentialAction\":[{\"@type\":\"SearchAction\",\"target\":{\"@type\":\"EntryPoint\",\"urlTemplate\":\"https:\/\/copesepb.ca\/?s={search_term_string}\"},\"query-input\":{\"@type\":\"PropertyValueSpecification\",\"valueRequired\":true,\"valueName\":\"search_term_string\"}}],\"inLanguage\":\"fr-FR\"},{\"@type\":\"Person\",\"@id\":\"https:\/\/copesepb.ca\/#\/schema\/person\/a9c2242f274c16f64a8e1410b8ce0425\",\"name\":\"Dave\",\"image\":{\"@type\":\"ImageObject\",\"inLanguage\":\"fr-FR\",\"@id\":\"https:\/\/copesepb.ca\/#\/schema\/person\/image\/\",\"url\":\"https:\/\/secure.gravatar.com\/avatar\/e4a06be28520c72e5f24d8321918ee30e1a2b87a535c46e526760843fb1e6a07?s=96&d=mm&r=g\",\"contentUrl\":\"https:\/\/secure.gravatar.com\/avatar\/e4a06be28520c72e5f24d8321918ee30e1a2b87a535c46e526760843fb1e6a07?s=96&d=mm&r=g\",\"caption\":\"Dave\"}}]}<\/script>\n<!-- \/ Yoast SEO plugin. -->","yoast_head_json":{"title":"Mise \u00e0 jour \u2013 Feux de for\u00eat et congr\u00e8s - SEPB","robots":{"index":"index","follow":"follow","max-snippet":"max-snippet:-1","max-image-preview":"max-image-preview:large","max-video-preview":"max-video-preview:-1"},"canonical":"https:\/\/copesepb.ca\/fr\/mise-a-jour-feux-de-foret-et-congres\/","og_locale":"fr_FR","og_type":"article","og_title":"Mise \u00e0 jour \u2013 Feux de for\u00eat et congr\u00e8s - SEPB","og_description":"Nous suivons de pr\u00e8s la situation des feux de for\u00eat au Manitoba. L\u2019ex\u00e9cutif national du COPE SEPB tiendra une r\u00e9union demain pour d\u00e9cider si le congr\u00e8s aura lieu ou non. Votre s\u00e9curit\u00e9 et le respect envers les personnes sinistr\u00e9es et \u00e9vacu\u00e9es au Manitoba sont nos priorit\u00e9s. Merci de votre patience. Nous vous tiendrons inform\u00e9\u00b7e\u00b7s d\u00e8s [&hellip;]","og_url":"https:\/\/copesepb.ca\/fr\/mise-a-jour-feux-de-foret-et-congres\/","og_site_name":"SEPB","article_published_time":"2025-06-02T03:22:54+00:00","article_modified_time":"2025-06-02T03:46:07+00:00","og_image":[{"width":513,"height":577,"url":"https:\/\/copesepb.ca\/wp-content\/uploads\/2025\/05\/Convention2025-2-1.jpg","type":"image\/jpeg"}],"author":"Dave","twitter_card":"summary_large_image","twitter_misc":{"\u00c9crit par":"Dave","Dur\u00e9e de lecture estim\u00e9e":"1 minute"},"schema":{"@context":"https:\/\/schema.org","@graph":[{"@type":"Article","@id":"https:\/\/copesepb.ca\/fr\/mise-a-jour-feux-de-foret-et-congres\/#article","isPartOf":{"@id":"https:\/\/copesepb.ca\/fr\/mise-a-jour-feux-de-foret-et-congres\/"},"author":{"name":"Dave","@id":"https:\/\/copesepb.ca\/#\/schema\/person\/a9c2242f274c16f64a8e1410b8ce0425"},"headline":"Mise \u00e0 jour \u2013 Feux de for\u00eat et congr\u00e8s","datePublished":"2025-06-02T03:22:54+00:00","dateModified":"2025-06-02T03:46:07+00:00","mainEntityOfPage":{"@id":"https:\/\/copesepb.ca\/fr\/mise-a-jour-feux-de-foret-et-congres\/"},"wordCount":85,"image":{"@id":"https:\/\/copesepb.ca\/fr\/mise-a-jour-feux-de-foret-et-congres\/#primaryimage"},"thumbnailUrl":"https:\/\/copesepb.ca\/wp-content\/uploads\/2025\/05\/Convention2025-2-1.jpg","articleSection":["Non classifi\u00e9(e)"],"inLanguage":"fr-FR"},{"@type":"WebPage","@id":"https:\/\/copesepb.ca\/fr\/mise-a-jour-feux-de-foret-et-congres\/","url":"https:\/\/copesepb.ca\/fr\/mise-a-jour-feux-de-foret-et-congres\/","name":"Mise \u00e0 jour \u2013 Feux de for\u00eat et congr\u00e8s - SEPB","isPartOf":{"@id":"https:\/\/copesepb.ca\/#website"},"primaryImageOfPage":{"@id":"https:\/\/copesepb.ca\/fr\/mise-a-jour-feux-de-foret-et-congres\/#primaryimage"},"image":{"@id":"https:\/\/copesepb.ca\/fr\/mise-a-jour-feux-de-foret-et-congres\/#primaryimage"},"thumbnailUrl":"https:\/\/copesepb.ca\/wp-content\/uploads\/2025\/05\/Convention2025-2-1.jpg","datePublished":"2025-06-02T03:22:54+00:00","dateModified":"2025-06-02T03:46:07+00:00","author":{"@id":"https:\/\/copesepb.ca\/#\/schema\/person\/a9c2242f274c16f64a8e1410b8ce0425"},"breadcrumb":{"@id":"https:\/\/copesepb.ca\/fr\/mise-a-jour-feux-de-foret-et-congres\/#breadcrumb"},"inLanguage":"fr-FR","potentialAction":[{"@type":"ReadAction","target":["https:\/\/copesepb.ca\/fr\/mise-a-jour-feux-de-foret-et-congres\/"]}]},{"@type":"ImageObject","inLanguage":"fr-FR","@id":"https:\/\/copesepb.ca\/fr\/mise-a-jour-feux-de-foret-et-congres\/#primaryimage","url":"https:\/\/copesepb.ca\/wp-content\/uploads\/2025\/05\/Convention2025-2-1.jpg","contentUrl":"https:\/\/copesepb.ca\/wp-content\/uploads\/2025\/05\/Convention2025-2-1.jpg","width":513,"height":577},{"@type":"BreadcrumbList","@id":"https:\/\/copesepb.ca\/fr\/mise-a-jour-feux-de-foret-et-congres\/#breadcrumb","itemListElement":[{"@type":"ListItem","position":1,"name":"Accueil","item":"https:\/\/copesepb.ca\/"},{"@type":"ListItem","position":2,"name":"Mise \u00e0 jour \u2013 Feux de for\u00eat et congr\u00e8s"}]},{"@type":"WebSite","@id":"https:\/\/copesepb.ca\/#website","url":"https:\/\/copesepb.ca\/","name":"SEPB","description":"","potentialAction":[{"@type":"SearchAction","target":{"@type":"EntryPoint","urlTemplate":"https:\/\/copesepb.ca\/?s={search_term_string}"},"query-input":{"@type":"PropertyValueSpecification","valueRequired":true,"valueName":"search_term_string"}}],"inLanguage":"fr-FR"},{"@type":"Person","@id":"https:\/\/copesepb.ca\/#\/schema\/person\/a9c2242f274c16f64a8e1410b8ce0425","name":"Dave","image":{"@type":"ImageObject","inLanguage":"fr-FR","@id":"https:\/\/copesepb.ca\/#\/schema\/person\/image\/","url":"https:\/\/secure.gravatar.com\/avatar\/e4a06be28520c72e5f24d8321918ee30e1a2b87a535c46e526760843fb1e6a07?s=96&d=mm&r=g","contentUrl":"https:\/\/secure.gravatar.com\/avatar\/e4a06be28520c72e5f24d8321918ee30e1a2b87a535c46e526760843fb1e6a07?s=96&d=mm&r=g","caption":"Dave"}}]}},"_links":{"self":[{"href":"https:\/\/copesepb.ca\/fr\/wp-json\/wp\/v2\/posts\/9432","targetHints":{"allow":["GET"]}}],"collection":[{"href":"https:\/\/copesepb.ca\/fr\/wp-json\/wp\/v2\/posts"}],"about":[{"href":"https:\/\/copesepb.ca\/fr\/wp-json\/wp\/v2\/types\/post"}],"author":[{"embeddable":true,"href":"https:\/\/copesepb.ca\/fr\/wp-json\/wp\/v2\/users\/3"}],"replies":[{"embeddable":true,"href":"https:\/\/copesepb.ca\/fr\/wp-json\/wp\/v2\/comments?post=9432"}],"version-history":[{"count":2,"href":"https:\/\/copesepb.ca\/fr\/wp-json\/wp\/v2\/posts\/9432\/revisions"}],"predecessor-version":[{"id":9443,"href":"https:\/\/copesepb.ca\/fr\/wp-json\/wp\/v2\/posts\/9432\/revisions\/9443"}],"wp:featuredmedia":[{"embeddable":true,"href":"https:\/\/copesepb.ca\/fr\/wp-json\/wp\/v2\/media\/9226"}],"wp:attachment":[{"href":"https:\/\/copesepb.ca\/fr\/wp-json\/wp\/v2\/media?parent=9432"}],"wp:term":[{"taxonomy":"category","embeddable":true,"href":"https:\/\/copesepb.ca\/fr\/wp-json\/wp\/v2\/categories?post=9432"},{"taxonomy":"post_tag","embeddable":true,"href":"https:\/\/copesepb.ca\/fr\/wp-json\/wp\/v2\/tags?post=9432"}],"curies":[{"name":"wp","href":"https:\/\/api.w.org\/{rel}","templated":true}]}}