{"id":9007,"date":"2025-01-28T16:31:56","date_gmt":"2025-01-28T20:31:56","guid":{"rendered":"https:\/\/copesepb.ca\/?p=9007"},"modified":"2025-01-28T16:31:56","modified_gmt":"2025-01-28T20:31:56","slug":"en-tant-que-syndiques-et-en-tant-que-canadiens-resistons-aux-menaces","status":"publish","type":"post","link":"https:\/\/copesepb.ca\/fr\/en-tant-que-syndiques-et-en-tant-que-canadiens-resistons-aux-menaces\/","title":{"rendered":"En tant que syndiqu\u00e9s et en tant que Canadiens, r\u00e9sistons aux menaces"},"content":{"rendered":"<p>Lorsque des personnes syndiqu\u00e9es sont menac\u00e9es, nous sommes solidaires. Nous nous soutenons mutuellement et nous ne reculons pas devant le combat.<\/p>\n<p>C\u2019est encore plus vrai aujourd\u2019hui. En tant que Canadiens qui se soucient de leurs amis, de leur famille et de leurs voisins, nous sommes confront\u00e9s aux attaques dirig\u00e9es par Trump contre nos communaut\u00e9s.<\/p>\n<p>Moins d\u2019une semaine apr\u00e8s son entr\u00e9e en fonction, Trump a plong\u00e9 des vies et des institutions dans le chaos, en signant des d\u00e9crets qui auront un impact sur notre qualit\u00e9 de vie, sur nos soins de sant\u00e9, sur notre \u00e9conomie, sur l\u2019environnement et sur les droits de la personne. Nous savons que le pire est \u00e0 venir parce que, fondamentalement, c\u2019est un tyran, purement et simplement.<\/p>\n<p>Ses menaces et ses actions d\u00e9lib\u00e9r\u00e9es auront un impact direct sur le co\u00fbt de la vie de tous les Canadiennes et Canadiens. \u00a0Il menacera nos soins de sant\u00e9, nos familles, notre souverainet\u00e9 et tout ce qui nous est le plus cher. Pour atteindre ses objectifs, il tentera de nous diviser.<\/p>\n<h6><strong>Il s\u2019en prend \u00e0 l\u2019\u00e9quit\u00e9, la diversit\u00e9 et l\u2019inclusion<\/strong><\/h6>\n<p>Trump veut mettre fin aux programmes d\u2019\u00e9quit\u00e9, de diversit\u00e9 et d\u2019inclusion parce qu\u2019il sait que ces initiatives renforcissent nos collectivit\u00e9s et les gens. Elles rendent les communaut\u00e9s plus s\u00fbres et plus fortes et font de nous des citoyennes et des citoyens plus libres.<\/p>\n<p>Trump et ceux et celles qui lui ont permis de prendre le pouvoir pensent qu\u2019ils peuvent s\u2019en tirer sans probl\u00e8me parce qu\u2019ils croient que nous allons nous entred\u00e9chirer.<\/p>\n<p>Mais ne vous y trompez pas, ce syndicat se battra toujours \u2013 non pas les uns contre les autres, mais contre la cupidit\u00e9 des entreprises et les attaques contre les droits de la personne. Nous nous \u00e9l\u00e8verons toujours contre le racisme, le sexisme, l\u2019homophobie, la transphobie et le fascisme. Ce sont les tactiques que Trump et ses partisans utiliseront aux \u00c9tats-Unis et au Canada.<\/p>\n<p>Il y a vingt ans, nous nous sommes oppos\u00e9s \u00e0 un syndicat international qui voulait limiter nos droits et libert\u00e9s. Nos membres se sont rassembl\u00e9s pour former notre propre syndicat canadien autonome. D\u00e9sormais, nous allons lutter collectivement contre les marionnettes de Trump, comme Pierre Poilievre et Danielle Smith, qui sont d\u00e9termin\u00e9s \u00e0 brader nos libert\u00e9s et nos droits en tant que Canadiens. Nous sommes fiers d&rsquo;\u00eatre Canadiens et de contr\u00f4ler notre propre libert\u00e9 et notre destin\u00e9e. Nous ne sommes pas \u00e0 vendre, ni aujourd\u2019hui, ni jamais.<\/p>\n<p>Nous soutiendrons nos membres, nous ferons preuve d\u2019empathie et nous veillerons \u00e0 ce que notre syndicat, nos communaut\u00e9s et notre mouvement syndical soient ouverts et accueillants \u00e0 tous et toutes.<\/p>\n<p>Nous nous opposerons toujours aux tyrans comme Trump et nous travaillerons avec nos camarades syndicaux pour lutter contre ceux qui tentent de nous diviser.<\/p>\n<p>Nous savons que vous le ferez aussi. Nous vous encourageons \u00e0 d\u00e9couvrir comment le mouvement syndical r\u00e9siste aux intimidateurs comme Trump et Pierre Poilievre en visitant <a href=\"https:\/\/noustravaillonsensemble.ca\/\"><em>noustravaillonsensemble.ca<\/em><\/a> ou en envoyant un texto \u00e0 <strong><em>TRAVAILLONS<\/em><\/strong><em> au 55255<\/em>.<\/p>\n<p>Solidairement,<\/p>\n<p>Annette Toth<br \/>\nPr\u00e9sidente, COPE SEPB<\/p>\n<p>&nbsp;<\/p>\n","protected":false},"excerpt":{"rendered":"<p>Lorsque des personnes syndiqu\u00e9es sont menac\u00e9es, nous sommes solidaires. Nous nous soutenons mutuellement et nous ne reculons pas devant le combat. C\u2019est encore plus vrai aujourd\u2019hui. En tant que Canadiens qui se soucient de leurs amis, de leur famille et de leurs voisins, nous sommes confront\u00e9s aux attaques dirig\u00e9es par Trump contre nos communaut\u00e9s. Moins [&hellip;]<\/p>\n","protected":false},"author":3,"featured_media":9004,"comment_status":"closed","ping_status":"open","sticky":false,"template":"","format":"standard","meta":{"_acf_changed":false,"footnotes":""},"categories":[1],"tags":[],"class_list":["post-9007","post","type-post","status-publish","format-standard","has-post-thumbnail","hentry","category-non-classifiee"],"acf":[],"yoast_head":"<!-- This site is optimized with the Yoast SEO plugin v26.9 - https:\/\/yoast.com\/product\/yoast-seo-wordpress\/ -->\n<title>En tant que syndiqu\u00e9s et en tant que Canadiens, r\u00e9sistons aux menaces - SEPB<\/title>\n<meta name=\"robots\" content=\"index, follow, max-snippet:-1, max-image-preview:large, max-video-preview:-1\" \/>\n<link rel=\"canonical\" href=\"https:\/\/copesepb.ca\/fr\/en-tant-que-syndiques-et-en-tant-que-canadiens-resistons-aux-menaces\/\" \/>\n<meta property=\"og:locale\" content=\"fr_FR\" \/>\n<meta property=\"og:type\" content=\"article\" \/>\n<meta property=\"og:title\" content=\"En tant que syndiqu\u00e9s et en tant que Canadiens, r\u00e9sistons aux menaces - SEPB\" \/>\n<meta property=\"og:description\" content=\"Lorsque des personnes syndiqu\u00e9es sont menac\u00e9es, nous sommes solidaires. Nous nous soutenons mutuellement et nous ne reculons pas devant le combat. C\u2019est encore plus vrai aujourd\u2019hui. En tant que Canadiens qui se soucient de leurs amis, de leur famille et de leurs voisins, nous sommes confront\u00e9s aux attaques dirig\u00e9es par Trump contre nos communaut\u00e9s. Moins [&hellip;]\" \/>\n<meta property=\"og:url\" content=\"https:\/\/copesepb.ca\/fr\/en-tant-que-syndiques-et-en-tant-que-canadiens-resistons-aux-menaces\/\" \/>\n<meta property=\"og:site_name\" content=\"SEPB\" \/>\n<meta property=\"article:published_time\" content=\"2025-01-28T20:31:56+00:00\" \/>\n<meta property=\"og:image\" content=\"https:\/\/copesepb.ca\/wp-content\/uploads\/2025\/01\/shutterstock_2430065795.jpg\" \/>\n\t<meta property=\"og:image:width\" content=\"1768\" \/>\n\t<meta property=\"og:image:height\" content=\"1179\" \/>\n\t<meta property=\"og:image:type\" content=\"image\/jpeg\" \/>\n<meta name=\"author\" content=\"Dave\" \/>\n<meta name=\"twitter:card\" content=\"summary_large_image\" \/>\n<meta name=\"twitter:label1\" content=\"\u00c9crit par\" \/>\n\t<meta name=\"twitter:data1\" content=\"Dave\" \/>\n\t<meta name=\"twitter:label2\" content=\"Dur\u00e9e de lecture estim\u00e9e\" \/>\n\t<meta name=\"twitter:data2\" content=\"3 minutes\" \/>\n<script type=\"application\/ld+json\" class=\"yoast-schema-graph\">{\"@context\":\"https:\/\/schema.org\",\"@graph\":[{\"@type\":\"Article\",\"@id\":\"https:\/\/copesepb.ca\/fr\/en-tant-que-syndiques-et-en-tant-que-canadiens-resistons-aux-menaces\/#article\",\"isPartOf\":{\"@id\":\"https:\/\/copesepb.ca\/fr\/en-tant-que-syndiques-et-en-tant-que-canadiens-resistons-aux-menaces\/\"},\"author\":{\"name\":\"Dave\",\"@id\":\"https:\/\/copesepb.ca\/#\/schema\/person\/a9c2242f274c16f64a8e1410b8ce0425\"},\"headline\":\"En tant que syndiqu\u00e9s et en tant que Canadiens, r\u00e9sistons aux menaces\",\"datePublished\":\"2025-01-28T20:31:56+00:00\",\"mainEntityOfPage\":{\"@id\":\"https:\/\/copesepb.ca\/fr\/en-tant-que-syndiques-et-en-tant-que-canadiens-resistons-aux-menaces\/\"},\"wordCount\":550,\"image\":{\"@id\":\"https:\/\/copesepb.ca\/fr\/en-tant-que-syndiques-et-en-tant-que-canadiens-resistons-aux-menaces\/#primaryimage\"},\"thumbnailUrl\":\"https:\/\/copesepb.ca\/wp-content\/uploads\/2025\/01\/shutterstock_2430065795.jpg\",\"articleSection\":[\"Non classifi\u00e9(e)\"],\"inLanguage\":\"fr-FR\"},{\"@type\":\"WebPage\",\"@id\":\"https:\/\/copesepb.ca\/fr\/en-tant-que-syndiques-et-en-tant-que-canadiens-resistons-aux-menaces\/\",\"url\":\"https:\/\/copesepb.ca\/fr\/en-tant-que-syndiques-et-en-tant-que-canadiens-resistons-aux-menaces\/\",\"name\":\"En tant que syndiqu\u00e9s et en tant que Canadiens, r\u00e9sistons aux menaces - SEPB\",\"isPartOf\":{\"@id\":\"https:\/\/copesepb.ca\/#website\"},\"primaryImageOfPage\":{\"@id\":\"https:\/\/copesepb.ca\/fr\/en-tant-que-syndiques-et-en-tant-que-canadiens-resistons-aux-menaces\/#primaryimage\"},\"image\":{\"@id\":\"https:\/\/copesepb.ca\/fr\/en-tant-que-syndiques-et-en-tant-que-canadiens-resistons-aux-menaces\/#primaryimage\"},\"thumbnailUrl\":\"https:\/\/copesepb.ca\/wp-content\/uploads\/2025\/01\/shutterstock_2430065795.jpg\",\"datePublished\":\"2025-01-28T20:31:56+00:00\",\"author\":{\"@id\":\"https:\/\/copesepb.ca\/#\/schema\/person\/a9c2242f274c16f64a8e1410b8ce0425\"},\"breadcrumb\":{\"@id\":\"https:\/\/copesepb.ca\/fr\/en-tant-que-syndiques-et-en-tant-que-canadiens-resistons-aux-menaces\/#breadcrumb\"},\"inLanguage\":\"fr-FR\",\"potentialAction\":[{\"@type\":\"ReadAction\",\"target\":[\"https:\/\/copesepb.ca\/fr\/en-tant-que-syndiques-et-en-tant-que-canadiens-resistons-aux-menaces\/\"]}]},{\"@type\":\"ImageObject\",\"inLanguage\":\"fr-FR\",\"@id\":\"https:\/\/copesepb.ca\/fr\/en-tant-que-syndiques-et-en-tant-que-canadiens-resistons-aux-menaces\/#primaryimage\",\"url\":\"https:\/\/copesepb.ca\/wp-content\/uploads\/2025\/01\/shutterstock_2430065795.jpg\",\"contentUrl\":\"https:\/\/copesepb.ca\/wp-content\/uploads\/2025\/01\/shutterstock_2430065795.jpg\",\"width\":1768,\"height\":1179},{\"@type\":\"BreadcrumbList\",\"@id\":\"https:\/\/copesepb.ca\/fr\/en-tant-que-syndiques-et-en-tant-que-canadiens-resistons-aux-menaces\/#breadcrumb\",\"itemListElement\":[{\"@type\":\"ListItem\",\"position\":1,\"name\":\"Accueil\",\"item\":\"https:\/\/copesepb.ca\/\"},{\"@type\":\"ListItem\",\"position\":2,\"name\":\"En tant que syndiqu\u00e9s et en tant que Canadiens, r\u00e9sistons aux menaces\"}]},{\"@type\":\"WebSite\",\"@id\":\"https:\/\/copesepb.ca\/#website\",\"url\":\"https:\/\/copesepb.ca\/\",\"name\":\"SEPB\",\"description\":\"\",\"potentialAction\":[{\"@type\":\"SearchAction\",\"target\":{\"@type\":\"EntryPoint\",\"urlTemplate\":\"https:\/\/copesepb.ca\/?s={search_term_string}\"},\"query-input\":{\"@type\":\"PropertyValueSpecification\",\"valueRequired\":true,\"valueName\":\"search_term_string\"}}],\"inLanguage\":\"fr-FR\"},{\"@type\":\"Person\",\"@id\":\"https:\/\/copesepb.ca\/#\/schema\/person\/a9c2242f274c16f64a8e1410b8ce0425\",\"name\":\"Dave\",\"image\":{\"@type\":\"ImageObject\",\"inLanguage\":\"fr-FR\",\"@id\":\"https:\/\/copesepb.ca\/#\/schema\/person\/image\/\",\"url\":\"https:\/\/secure.gravatar.com\/avatar\/e4a06be28520c72e5f24d8321918ee30e1a2b87a535c46e526760843fb1e6a07?s=96&d=mm&r=g\",\"contentUrl\":\"https:\/\/secure.gravatar.com\/avatar\/e4a06be28520c72e5f24d8321918ee30e1a2b87a535c46e526760843fb1e6a07?s=96&d=mm&r=g\",\"caption\":\"Dave\"}}]}<\/script>\n<!-- \/ Yoast SEO plugin. -->","yoast_head_json":{"title":"En tant que syndiqu\u00e9s et en tant que Canadiens, r\u00e9sistons aux menaces - SEPB","robots":{"index":"index","follow":"follow","max-snippet":"max-snippet:-1","max-image-preview":"max-image-preview:large","max-video-preview":"max-video-preview:-1"},"canonical":"https:\/\/copesepb.ca\/fr\/en-tant-que-syndiques-et-en-tant-que-canadiens-resistons-aux-menaces\/","og_locale":"fr_FR","og_type":"article","og_title":"En tant que syndiqu\u00e9s et en tant que Canadiens, r\u00e9sistons aux menaces - SEPB","og_description":"Lorsque des personnes syndiqu\u00e9es sont menac\u00e9es, nous sommes solidaires. Nous nous soutenons mutuellement et nous ne reculons pas devant le combat. C\u2019est encore plus vrai aujourd\u2019hui. En tant que Canadiens qui se soucient de leurs amis, de leur famille et de leurs voisins, nous sommes confront\u00e9s aux attaques dirig\u00e9es par Trump contre nos communaut\u00e9s. Moins [&hellip;]","og_url":"https:\/\/copesepb.ca\/fr\/en-tant-que-syndiques-et-en-tant-que-canadiens-resistons-aux-menaces\/","og_site_name":"SEPB","article_published_time":"2025-01-28T20:31:56+00:00","og_image":[{"width":1768,"height":1179,"url":"https:\/\/copesepb.ca\/wp-content\/uploads\/2025\/01\/shutterstock_2430065795.jpg","type":"image\/jpeg"}],"author":"Dave","twitter_card":"summary_large_image","twitter_misc":{"\u00c9crit par":"Dave","Dur\u00e9e de lecture estim\u00e9e":"3 minutes"},"schema":{"@context":"https:\/\/schema.org","@graph":[{"@type":"Article","@id":"https:\/\/copesepb.ca\/fr\/en-tant-que-syndiques-et-en-tant-que-canadiens-resistons-aux-menaces\/#article","isPartOf":{"@id":"https:\/\/copesepb.ca\/fr\/en-tant-que-syndiques-et-en-tant-que-canadiens-resistons-aux-menaces\/"},"author":{"name":"Dave","@id":"https:\/\/copesepb.ca\/#\/schema\/person\/a9c2242f274c16f64a8e1410b8ce0425"},"headline":"En tant que syndiqu\u00e9s et en tant que Canadiens, r\u00e9sistons aux menaces","datePublished":"2025-01-28T20:31:56+00:00","mainEntityOfPage":{"@id":"https:\/\/copesepb.ca\/fr\/en-tant-que-syndiques-et-en-tant-que-canadiens-resistons-aux-menaces\/"},"wordCount":550,"image":{"@id":"https:\/\/copesepb.ca\/fr\/en-tant-que-syndiques-et-en-tant-que-canadiens-resistons-aux-menaces\/#primaryimage"},"thumbnailUrl":"https:\/\/copesepb.ca\/wp-content\/uploads\/2025\/01\/shutterstock_2430065795.jpg","articleSection":["Non classifi\u00e9(e)"],"inLanguage":"fr-FR"},{"@type":"WebPage","@id":"https:\/\/copesepb.ca\/fr\/en-tant-que-syndiques-et-en-tant-que-canadiens-resistons-aux-menaces\/","url":"https:\/\/copesepb.ca\/fr\/en-tant-que-syndiques-et-en-tant-que-canadiens-resistons-aux-menaces\/","name":"En tant que syndiqu\u00e9s et en tant que Canadiens, r\u00e9sistons aux menaces - SEPB","isPartOf":{"@id":"https:\/\/copesepb.ca\/#website"},"primaryImageOfPage":{"@id":"https:\/\/copesepb.ca\/fr\/en-tant-que-syndiques-et-en-tant-que-canadiens-resistons-aux-menaces\/#primaryimage"},"image":{"@id":"https:\/\/copesepb.ca\/fr\/en-tant-que-syndiques-et-en-tant-que-canadiens-resistons-aux-menaces\/#primaryimage"},"thumbnailUrl":"https:\/\/copesepb.ca\/wp-content\/uploads\/2025\/01\/shutterstock_2430065795.jpg","datePublished":"2025-01-28T20:31:56+00:00","author":{"@id":"https:\/\/copesepb.ca\/#\/schema\/person\/a9c2242f274c16f64a8e1410b8ce0425"},"breadcrumb":{"@id":"https:\/\/copesepb.ca\/fr\/en-tant-que-syndiques-et-en-tant-que-canadiens-resistons-aux-menaces\/#breadcrumb"},"inLanguage":"fr-FR","potentialAction":[{"@type":"ReadAction","target":["https:\/\/copesepb.ca\/fr\/en-tant-que-syndiques-et-en-tant-que-canadiens-resistons-aux-menaces\/"]}]},{"@type":"ImageObject","inLanguage":"fr-FR","@id":"https:\/\/copesepb.ca\/fr\/en-tant-que-syndiques-et-en-tant-que-canadiens-resistons-aux-menaces\/#primaryimage","url":"https:\/\/copesepb.ca\/wp-content\/uploads\/2025\/01\/shutterstock_2430065795.jpg","contentUrl":"https:\/\/copesepb.ca\/wp-content\/uploads\/2025\/01\/shutterstock_2430065795.jpg","width":1768,"height":1179},{"@type":"BreadcrumbList","@id":"https:\/\/copesepb.ca\/fr\/en-tant-que-syndiques-et-en-tant-que-canadiens-resistons-aux-menaces\/#breadcrumb","itemListElement":[{"@type":"ListItem","position":1,"name":"Accueil","item":"https:\/\/copesepb.ca\/"},{"@type":"ListItem","position":2,"name":"En tant que syndiqu\u00e9s et en tant que Canadiens, r\u00e9sistons aux menaces"}]},{"@type":"WebSite","@id":"https:\/\/copesepb.ca\/#website","url":"https:\/\/copesepb.ca\/","name":"SEPB","description":"","potentialAction":[{"@type":"SearchAction","target":{"@type":"EntryPoint","urlTemplate":"https:\/\/copesepb.ca\/?s={search_term_string}"},"query-input":{"@type":"PropertyValueSpecification","valueRequired":true,"valueName":"search_term_string"}}],"inLanguage":"fr-FR"},{"@type":"Person","@id":"https:\/\/copesepb.ca\/#\/schema\/person\/a9c2242f274c16f64a8e1410b8ce0425","name":"Dave","image":{"@type":"ImageObject","inLanguage":"fr-FR","@id":"https:\/\/copesepb.ca\/#\/schema\/person\/image\/","url":"https:\/\/secure.gravatar.com\/avatar\/e4a06be28520c72e5f24d8321918ee30e1a2b87a535c46e526760843fb1e6a07?s=96&d=mm&r=g","contentUrl":"https:\/\/secure.gravatar.com\/avatar\/e4a06be28520c72e5f24d8321918ee30e1a2b87a535c46e526760843fb1e6a07?s=96&d=mm&r=g","caption":"Dave"}}]}},"_links":{"self":[{"href":"https:\/\/copesepb.ca\/fr\/wp-json\/wp\/v2\/posts\/9007","targetHints":{"allow":["GET"]}}],"collection":[{"href":"https:\/\/copesepb.ca\/fr\/wp-json\/wp\/v2\/posts"}],"about":[{"href":"https:\/\/copesepb.ca\/fr\/wp-json\/wp\/v2\/types\/post"}],"author":[{"embeddable":true,"href":"https:\/\/copesepb.ca\/fr\/wp-json\/wp\/v2\/users\/3"}],"replies":[{"embeddable":true,"href":"https:\/\/copesepb.ca\/fr\/wp-json\/wp\/v2\/comments?post=9007"}],"version-history":[{"count":1,"href":"https:\/\/copesepb.ca\/fr\/wp-json\/wp\/v2\/posts\/9007\/revisions"}],"predecessor-version":[{"id":9008,"href":"https:\/\/copesepb.ca\/fr\/wp-json\/wp\/v2\/posts\/9007\/revisions\/9008"}],"wp:featuredmedia":[{"embeddable":true,"href":"https:\/\/copesepb.ca\/fr\/wp-json\/wp\/v2\/media\/9004"}],"wp:attachment":[{"href":"https:\/\/copesepb.ca\/fr\/wp-json\/wp\/v2\/media?parent=9007"}],"wp:term":[{"taxonomy":"category","embeddable":true,"href":"https:\/\/copesepb.ca\/fr\/wp-json\/wp\/v2\/categories?post=9007"},{"taxonomy":"post_tag","embeddable":true,"href":"https:\/\/copesepb.ca\/fr\/wp-json\/wp\/v2\/tags?post=9007"}],"curies":[{"name":"wp","href":"https:\/\/api.w.org\/{rel}","templated":true}]}}