{"id":8916,"date":"2024-09-23T13:29:31","date_gmt":"2024-09-23T17:29:31","guid":{"rendered":"https:\/\/copesepb.ca\/?p=8916"},"modified":"2024-10-25T16:05:25","modified_gmt":"2024-10-25T20:05:25","slug":"congres-2025-du-cope-sepb-a-votre-agenda","status":"publish","type":"post","link":"https:\/\/copesepb.ca\/fr\/congres-2025-du-cope-sepb-a-votre-agenda\/","title":{"rendered":"Congr\u00e8s 2025 du COPE \/ SEPB: \u00e0 votre agenda!"},"content":{"rendered":"<p id=\"tw-target-text\" class=\"tw-data-text tw-text-large tw-ta\" dir=\"ltr\" data-placeholder=\"Traduction\" data-ved=\"2ahUKEwiK2frrytmIAxWZE1kFHRvOLJoQ3ewLegQICBAU\" aria-label=\"Translated text: Le congr\u00e8s du COPE SEPB a lieu tous les trois ans et rassemble des d\u00e9l\u00e9gu\u00e9s repr\u00e9sentant les sections locales de notre syndicat de partout au Canada pour discuter des enjeux qui comptent pour nos membres, d\u00e9couvrir ce qui se passe dans chaque r\u00e9gion et obtenir des mises \u00e0 jour sur l'\u00e9tat de notre syndicat national. . Le prochain congr\u00e8s du COPE SEPB aura lieu au Fairmont Winnipeg \u00e0 Winnipeg, au Manitoba, du 2 au 6 juin 2025. N'oubliez pas de mettre ces dates sur votre calendrier. Restez \u00e0 l'\u00e9coute pour plus d'informations !\"><span class=\"Y2IQFc\" lang=\"fr\">Le congr\u00e8s du COPE SEPB a lieu tous les trois ans et rassemble des d\u00e9l\u00e9gu\u00e9.es repr\u00e9sentant les sections locales de notre syndicat de partout au Canada pour discuter des enjeux qui comptent pour nos membres, d\u00e9couvrir ce qui se passe dans chaque r\u00e9gion et obtenir des mises \u00e0 jour sur l&rsquo;\u00e9tat de notre syndicat national. <\/span><\/p>\n<p class=\"tw-data-text tw-text-large tw-ta\" dir=\"ltr\" data-placeholder=\"Traduction\" data-ved=\"2ahUKEwiK2frrytmIAxWZE1kFHRvOLJoQ3ewLegQICBAU\" aria-label=\"Translated text: Le congr\u00e8s du COPE SEPB a lieu tous les trois ans et rassemble des d\u00e9l\u00e9gu\u00e9s repr\u00e9sentant les sections locales de notre syndicat de partout au Canada pour discuter des enjeux qui comptent pour nos membres, d\u00e9couvrir ce qui se passe dans chaque r\u00e9gion et obtenir des mises \u00e0 jour sur l'\u00e9tat de notre syndicat national. . Le prochain congr\u00e8s du COPE SEPB aura lieu au Fairmont Winnipeg \u00e0 Winnipeg, au Manitoba, du 2 au 6 juin 2025. N'oubliez pas de mettre ces dates sur votre calendrier. Restez \u00e0 l'\u00e9coute pour plus d'informations !\"><span class=\"Y2IQFc\" lang=\"fr\">Le prochain congr\u00e8s du COPE SEPB aura lieu au Fairmont Winnipeg \u00e0 Winnipeg, au Manitoba, du 5 au 7 juin 2025. N&rsquo;oubliez pas de mettre ces dates \u00e0 votre agenda.<\/span><\/p>\n<p class=\"tw-data-text tw-text-large tw-ta\" dir=\"ltr\" data-placeholder=\"Traduction\" data-ved=\"2ahUKEwiK2frrytmIAxWZE1kFHRvOLJoQ3ewLegQICBAU\" aria-label=\"Translated text: Le congr\u00e8s du COPE SEPB a lieu tous les trois ans et rassemble des d\u00e9l\u00e9gu\u00e9s repr\u00e9sentant les sections locales de notre syndicat de partout au Canada pour discuter des enjeux qui comptent pour nos membres, d\u00e9couvrir ce qui se passe dans chaque r\u00e9gion et obtenir des mises \u00e0 jour sur l'\u00e9tat de notre syndicat national. . Le prochain congr\u00e8s du COPE SEPB aura lieu au Fairmont Winnipeg \u00e0 Winnipeg, au Manitoba, du 2 au 6 juin 2025. N'oubliez pas de mettre ces dates sur votre calendrier. Restez \u00e0 l'\u00e9coute pour plus d'informations !\"><span class=\"Y2IQFc\" lang=\"fr\">Restez \u00e0 l&rsquo;affut pour plus d&rsquo;informations !<\/span><\/p>\n","protected":false},"excerpt":{"rendered":"<p>Le congr\u00e8s du COPE SEPB a lieu tous les trois ans et rassemble des d\u00e9l\u00e9gu\u00e9.es repr\u00e9sentant les sections locales de notre syndicat de partout au Canada pour discuter des enjeux qui comptent pour nos membres, d\u00e9couvrir ce qui se passe dans chaque r\u00e9gion et obtenir des mises \u00e0 jour sur l&rsquo;\u00e9tat de notre syndicat national. [&hellip;]<\/p>\n","protected":false},"author":3,"featured_media":7160,"comment_status":"closed","ping_status":"open","sticky":false,"template":"","format":"standard","meta":{"_acf_changed":false,"footnotes":""},"categories":[1],"tags":[],"class_list":["post-8916","post","type-post","status-publish","format-standard","has-post-thumbnail","hentry","category-non-classifiee"],"acf":[],"yoast_head":"<!-- This site is optimized with the Yoast SEO plugin v26.9 - https:\/\/yoast.com\/product\/yoast-seo-wordpress\/ -->\n<title>Congr\u00e8s 2025 du COPE \/ SEPB: \u00e0 votre agenda! - SEPB<\/title>\n<meta name=\"robots\" content=\"index, follow, max-snippet:-1, max-image-preview:large, max-video-preview:-1\" \/>\n<link rel=\"canonical\" href=\"https:\/\/copesepb.ca\/fr\/congres-2025-du-cope-sepb-a-votre-agenda\/\" \/>\n<meta property=\"og:locale\" content=\"fr_FR\" \/>\n<meta property=\"og:type\" content=\"article\" \/>\n<meta property=\"og:title\" content=\"Congr\u00e8s 2025 du COPE \/ SEPB: \u00e0 votre agenda! - SEPB\" \/>\n<meta property=\"og:description\" content=\"Le congr\u00e8s du COPE SEPB a lieu tous les trois ans et rassemble des d\u00e9l\u00e9gu\u00e9.es repr\u00e9sentant les sections locales de notre syndicat de partout au Canada pour discuter des enjeux qui comptent pour nos membres, d\u00e9couvrir ce qui se passe dans chaque r\u00e9gion et obtenir des mises \u00e0 jour sur l&rsquo;\u00e9tat de notre syndicat national. [&hellip;]\" \/>\n<meta property=\"og:url\" content=\"https:\/\/copesepb.ca\/fr\/congres-2025-du-cope-sepb-a-votre-agenda\/\" \/>\n<meta property=\"og:site_name\" content=\"SEPB\" \/>\n<meta property=\"article:published_time\" content=\"2024-09-23T17:29:31+00:00\" \/>\n<meta property=\"article:modified_time\" content=\"2024-10-25T20:05:25+00:00\" \/>\n<meta property=\"og:image\" content=\"https:\/\/copesepb.ca\/wp-content\/uploads\/2022\/07\/COPE-22-216.jpg\" \/>\n\t<meta property=\"og:image:width\" content=\"1210\" \/>\n\t<meta property=\"og:image:height\" content=\"805\" \/>\n\t<meta property=\"og:image:type\" content=\"image\/jpeg\" \/>\n<meta name=\"author\" content=\"Dave\" \/>\n<meta name=\"twitter:card\" content=\"summary_large_image\" \/>\n<meta name=\"twitter:label1\" content=\"\u00c9crit par\" \/>\n\t<meta name=\"twitter:data1\" content=\"Dave\" \/>\n\t<meta name=\"twitter:label2\" content=\"Dur\u00e9e de lecture estim\u00e9e\" \/>\n\t<meta name=\"twitter:data2\" content=\"1 minute\" \/>\n<script type=\"application\/ld+json\" class=\"yoast-schema-graph\">{\"@context\":\"https:\/\/schema.org\",\"@graph\":[{\"@type\":\"Article\",\"@id\":\"https:\/\/copesepb.ca\/fr\/congres-2025-du-cope-sepb-a-votre-agenda\/#article\",\"isPartOf\":{\"@id\":\"https:\/\/copesepb.ca\/fr\/congres-2025-du-cope-sepb-a-votre-agenda\/\"},\"author\":{\"name\":\"Dave\",\"@id\":\"https:\/\/copesepb.ca\/#\/schema\/person\/a9c2242f274c16f64a8e1410b8ce0425\"},\"headline\":\"Congr\u00e8s 2025 du COPE \/ SEPB: \u00e0 votre agenda!\",\"datePublished\":\"2024-09-23T17:29:31+00:00\",\"dateModified\":\"2024-10-25T20:05:25+00:00\",\"mainEntityOfPage\":{\"@id\":\"https:\/\/copesepb.ca\/fr\/congres-2025-du-cope-sepb-a-votre-agenda\/\"},\"wordCount\":103,\"image\":{\"@id\":\"https:\/\/copesepb.ca\/fr\/congres-2025-du-cope-sepb-a-votre-agenda\/#primaryimage\"},\"thumbnailUrl\":\"https:\/\/copesepb.ca\/wp-content\/uploads\/2022\/07\/COPE-22-216.jpg\",\"articleSection\":[\"Non classifi\u00e9(e)\"],\"inLanguage\":\"fr-FR\"},{\"@type\":\"WebPage\",\"@id\":\"https:\/\/copesepb.ca\/fr\/congres-2025-du-cope-sepb-a-votre-agenda\/\",\"url\":\"https:\/\/copesepb.ca\/fr\/congres-2025-du-cope-sepb-a-votre-agenda\/\",\"name\":\"Congr\u00e8s 2025 du COPE \/ SEPB: \u00e0 votre agenda! - SEPB\",\"isPartOf\":{\"@id\":\"https:\/\/copesepb.ca\/#website\"},\"primaryImageOfPage\":{\"@id\":\"https:\/\/copesepb.ca\/fr\/congres-2025-du-cope-sepb-a-votre-agenda\/#primaryimage\"},\"image\":{\"@id\":\"https:\/\/copesepb.ca\/fr\/congres-2025-du-cope-sepb-a-votre-agenda\/#primaryimage\"},\"thumbnailUrl\":\"https:\/\/copesepb.ca\/wp-content\/uploads\/2022\/07\/COPE-22-216.jpg\",\"datePublished\":\"2024-09-23T17:29:31+00:00\",\"dateModified\":\"2024-10-25T20:05:25+00:00\",\"author\":{\"@id\":\"https:\/\/copesepb.ca\/#\/schema\/person\/a9c2242f274c16f64a8e1410b8ce0425\"},\"breadcrumb\":{\"@id\":\"https:\/\/copesepb.ca\/fr\/congres-2025-du-cope-sepb-a-votre-agenda\/#breadcrumb\"},\"inLanguage\":\"fr-FR\",\"potentialAction\":[{\"@type\":\"ReadAction\",\"target\":[\"https:\/\/copesepb.ca\/fr\/congres-2025-du-cope-sepb-a-votre-agenda\/\"]}]},{\"@type\":\"ImageObject\",\"inLanguage\":\"fr-FR\",\"@id\":\"https:\/\/copesepb.ca\/fr\/congres-2025-du-cope-sepb-a-votre-agenda\/#primaryimage\",\"url\":\"https:\/\/copesepb.ca\/wp-content\/uploads\/2022\/07\/COPE-22-216.jpg\",\"contentUrl\":\"https:\/\/copesepb.ca\/wp-content\/uploads\/2022\/07\/COPE-22-216.jpg\",\"width\":1210,\"height\":805},{\"@type\":\"BreadcrumbList\",\"@id\":\"https:\/\/copesepb.ca\/fr\/congres-2025-du-cope-sepb-a-votre-agenda\/#breadcrumb\",\"itemListElement\":[{\"@type\":\"ListItem\",\"position\":1,\"name\":\"Accueil\",\"item\":\"https:\/\/copesepb.ca\/\"},{\"@type\":\"ListItem\",\"position\":2,\"name\":\"Congr\u00e8s 2025 du COPE \/ SEPB: \u00e0 votre agenda!\"}]},{\"@type\":\"WebSite\",\"@id\":\"https:\/\/copesepb.ca\/#website\",\"url\":\"https:\/\/copesepb.ca\/\",\"name\":\"SEPB\",\"description\":\"\",\"potentialAction\":[{\"@type\":\"SearchAction\",\"target\":{\"@type\":\"EntryPoint\",\"urlTemplate\":\"https:\/\/copesepb.ca\/?s={search_term_string}\"},\"query-input\":{\"@type\":\"PropertyValueSpecification\",\"valueRequired\":true,\"valueName\":\"search_term_string\"}}],\"inLanguage\":\"fr-FR\"},{\"@type\":\"Person\",\"@id\":\"https:\/\/copesepb.ca\/#\/schema\/person\/a9c2242f274c16f64a8e1410b8ce0425\",\"name\":\"Dave\",\"image\":{\"@type\":\"ImageObject\",\"inLanguage\":\"fr-FR\",\"@id\":\"https:\/\/copesepb.ca\/#\/schema\/person\/image\/\",\"url\":\"https:\/\/secure.gravatar.com\/avatar\/e4a06be28520c72e5f24d8321918ee30e1a2b87a535c46e526760843fb1e6a07?s=96&d=mm&r=g\",\"contentUrl\":\"https:\/\/secure.gravatar.com\/avatar\/e4a06be28520c72e5f24d8321918ee30e1a2b87a535c46e526760843fb1e6a07?s=96&d=mm&r=g\",\"caption\":\"Dave\"}}]}<\/script>\n<!-- \/ Yoast SEO plugin. -->","yoast_head_json":{"title":"Congr\u00e8s 2025 du COPE \/ SEPB: \u00e0 votre agenda! - SEPB","robots":{"index":"index","follow":"follow","max-snippet":"max-snippet:-1","max-image-preview":"max-image-preview:large","max-video-preview":"max-video-preview:-1"},"canonical":"https:\/\/copesepb.ca\/fr\/congres-2025-du-cope-sepb-a-votre-agenda\/","og_locale":"fr_FR","og_type":"article","og_title":"Congr\u00e8s 2025 du COPE \/ SEPB: \u00e0 votre agenda! - SEPB","og_description":"Le congr\u00e8s du COPE SEPB a lieu tous les trois ans et rassemble des d\u00e9l\u00e9gu\u00e9.es repr\u00e9sentant les sections locales de notre syndicat de partout au Canada pour discuter des enjeux qui comptent pour nos membres, d\u00e9couvrir ce qui se passe dans chaque r\u00e9gion et obtenir des mises \u00e0 jour sur l&rsquo;\u00e9tat de notre syndicat national. [&hellip;]","og_url":"https:\/\/copesepb.ca\/fr\/congres-2025-du-cope-sepb-a-votre-agenda\/","og_site_name":"SEPB","article_published_time":"2024-09-23T17:29:31+00:00","article_modified_time":"2024-10-25T20:05:25+00:00","og_image":[{"width":1210,"height":805,"url":"https:\/\/copesepb.ca\/wp-content\/uploads\/2022\/07\/COPE-22-216.jpg","type":"image\/jpeg"}],"author":"Dave","twitter_card":"summary_large_image","twitter_misc":{"\u00c9crit par":"Dave","Dur\u00e9e de lecture estim\u00e9e":"1 minute"},"schema":{"@context":"https:\/\/schema.org","@graph":[{"@type":"Article","@id":"https:\/\/copesepb.ca\/fr\/congres-2025-du-cope-sepb-a-votre-agenda\/#article","isPartOf":{"@id":"https:\/\/copesepb.ca\/fr\/congres-2025-du-cope-sepb-a-votre-agenda\/"},"author":{"name":"Dave","@id":"https:\/\/copesepb.ca\/#\/schema\/person\/a9c2242f274c16f64a8e1410b8ce0425"},"headline":"Congr\u00e8s 2025 du COPE \/ SEPB: \u00e0 votre agenda!","datePublished":"2024-09-23T17:29:31+00:00","dateModified":"2024-10-25T20:05:25+00:00","mainEntityOfPage":{"@id":"https:\/\/copesepb.ca\/fr\/congres-2025-du-cope-sepb-a-votre-agenda\/"},"wordCount":103,"image":{"@id":"https:\/\/copesepb.ca\/fr\/congres-2025-du-cope-sepb-a-votre-agenda\/#primaryimage"},"thumbnailUrl":"https:\/\/copesepb.ca\/wp-content\/uploads\/2022\/07\/COPE-22-216.jpg","articleSection":["Non classifi\u00e9(e)"],"inLanguage":"fr-FR"},{"@type":"WebPage","@id":"https:\/\/copesepb.ca\/fr\/congres-2025-du-cope-sepb-a-votre-agenda\/","url":"https:\/\/copesepb.ca\/fr\/congres-2025-du-cope-sepb-a-votre-agenda\/","name":"Congr\u00e8s 2025 du COPE \/ SEPB: \u00e0 votre agenda! - SEPB","isPartOf":{"@id":"https:\/\/copesepb.ca\/#website"},"primaryImageOfPage":{"@id":"https:\/\/copesepb.ca\/fr\/congres-2025-du-cope-sepb-a-votre-agenda\/#primaryimage"},"image":{"@id":"https:\/\/copesepb.ca\/fr\/congres-2025-du-cope-sepb-a-votre-agenda\/#primaryimage"},"thumbnailUrl":"https:\/\/copesepb.ca\/wp-content\/uploads\/2022\/07\/COPE-22-216.jpg","datePublished":"2024-09-23T17:29:31+00:00","dateModified":"2024-10-25T20:05:25+00:00","author":{"@id":"https:\/\/copesepb.ca\/#\/schema\/person\/a9c2242f274c16f64a8e1410b8ce0425"},"breadcrumb":{"@id":"https:\/\/copesepb.ca\/fr\/congres-2025-du-cope-sepb-a-votre-agenda\/#breadcrumb"},"inLanguage":"fr-FR","potentialAction":[{"@type":"ReadAction","target":["https:\/\/copesepb.ca\/fr\/congres-2025-du-cope-sepb-a-votre-agenda\/"]}]},{"@type":"ImageObject","inLanguage":"fr-FR","@id":"https:\/\/copesepb.ca\/fr\/congres-2025-du-cope-sepb-a-votre-agenda\/#primaryimage","url":"https:\/\/copesepb.ca\/wp-content\/uploads\/2022\/07\/COPE-22-216.jpg","contentUrl":"https:\/\/copesepb.ca\/wp-content\/uploads\/2022\/07\/COPE-22-216.jpg","width":1210,"height":805},{"@type":"BreadcrumbList","@id":"https:\/\/copesepb.ca\/fr\/congres-2025-du-cope-sepb-a-votre-agenda\/#breadcrumb","itemListElement":[{"@type":"ListItem","position":1,"name":"Accueil","item":"https:\/\/copesepb.ca\/"},{"@type":"ListItem","position":2,"name":"Congr\u00e8s 2025 du COPE \/ SEPB: \u00e0 votre agenda!"}]},{"@type":"WebSite","@id":"https:\/\/copesepb.ca\/#website","url":"https:\/\/copesepb.ca\/","name":"SEPB","description":"","potentialAction":[{"@type":"SearchAction","target":{"@type":"EntryPoint","urlTemplate":"https:\/\/copesepb.ca\/?s={search_term_string}"},"query-input":{"@type":"PropertyValueSpecification","valueRequired":true,"valueName":"search_term_string"}}],"inLanguage":"fr-FR"},{"@type":"Person","@id":"https:\/\/copesepb.ca\/#\/schema\/person\/a9c2242f274c16f64a8e1410b8ce0425","name":"Dave","image":{"@type":"ImageObject","inLanguage":"fr-FR","@id":"https:\/\/copesepb.ca\/#\/schema\/person\/image\/","url":"https:\/\/secure.gravatar.com\/avatar\/e4a06be28520c72e5f24d8321918ee30e1a2b87a535c46e526760843fb1e6a07?s=96&d=mm&r=g","contentUrl":"https:\/\/secure.gravatar.com\/avatar\/e4a06be28520c72e5f24d8321918ee30e1a2b87a535c46e526760843fb1e6a07?s=96&d=mm&r=g","caption":"Dave"}}]}},"_links":{"self":[{"href":"https:\/\/copesepb.ca\/fr\/wp-json\/wp\/v2\/posts\/8916","targetHints":{"allow":["GET"]}}],"collection":[{"href":"https:\/\/copesepb.ca\/fr\/wp-json\/wp\/v2\/posts"}],"about":[{"href":"https:\/\/copesepb.ca\/fr\/wp-json\/wp\/v2\/types\/post"}],"author":[{"embeddable":true,"href":"https:\/\/copesepb.ca\/fr\/wp-json\/wp\/v2\/users\/3"}],"replies":[{"embeddable":true,"href":"https:\/\/copesepb.ca\/fr\/wp-json\/wp\/v2\/comments?post=8916"}],"version-history":[{"count":3,"href":"https:\/\/copesepb.ca\/fr\/wp-json\/wp\/v2\/posts\/8916\/revisions"}],"predecessor-version":[{"id":8937,"href":"https:\/\/copesepb.ca\/fr\/wp-json\/wp\/v2\/posts\/8916\/revisions\/8937"}],"wp:featuredmedia":[{"embeddable":true,"href":"https:\/\/copesepb.ca\/fr\/wp-json\/wp\/v2\/media\/7160"}],"wp:attachment":[{"href":"https:\/\/copesepb.ca\/fr\/wp-json\/wp\/v2\/media?parent=8916"}],"wp:term":[{"taxonomy":"category","embeddable":true,"href":"https:\/\/copesepb.ca\/fr\/wp-json\/wp\/v2\/categories?post=8916"},{"taxonomy":"post_tag","embeddable":true,"href":"https:\/\/copesepb.ca\/fr\/wp-json\/wp\/v2\/tags?post=8916"}],"curies":[{"name":"wp","href":"https:\/\/api.w.org\/{rel}","templated":true}]}}