{"id":8362,"date":"2023-09-29T19:38:14","date_gmt":"2023-09-29T23:38:14","guid":{"rendered":"https:\/\/copesepb.ca\/?p=8362"},"modified":"2023-09-29T19:38:14","modified_gmt":"2023-09-29T23:38:14","slug":"journee-nationale-de-la-verite-et-de-la-reconciliation","status":"publish","type":"post","link":"https:\/\/copesepb.ca\/fr\/journee-nationale-de-la-verite-et-de-la-reconciliation\/","title":{"rendered":"Journ\u00e9e nationale de la v\u00e9rit\u00e9 et de la r\u00e9conciliation"},"content":{"rendered":"<p>Le COPE\/SEPB est solidaire des communaut\u00e9s autochtones de Turtle Island \u00e0 l\u2019occasion de la Journ\u00e9e nationale de la v\u00e9rit\u00e9 et de la r\u00e9conciliation.<\/p>\n<p>Nous reconnaissons la douleur, la souffrance et le traumatisme interg\u00e9n\u00e9rationnel v\u00e9cus par les peuples autochtones en raison du syst\u00e8me des pensionnats, du racisme syst\u00e9mique et de la colonisation. Nous reconnaissons \u00e9galement l\u2019impact profond de ces injustices sur les individus, les familles et les communaut\u00e9s autochtones.<\/p>\n<p>Nous croyons fermement que le chemin vers la gu\u00e9rison, la justice et la r\u00e9conciliation n\u00e9cessite non seulement une r\u00e9flexion, mais aussi des actions concr\u00e8tes, notamment en veillant \u00e0 ce que les 94 appels \u00e0 l&rsquo;action du rapport de la Commission de v\u00e9rit\u00e9 et r\u00e9conciliation soient mis en \u0153uvre.<\/p>\n<p>En ce jour et tout au long de l\u2019ann\u00e9e, nous encourageons nos membres \u00e0 r\u00e9fl\u00e9chir aux injustices perp\u00e9tr\u00e9es contre les peuples autochtones et \u00e0 participer activement aux efforts de r\u00e9conciliation.<\/p>\n<p>La Journ\u00e9e nationale de la v\u00e9rit\u00e9 et de la r\u00e9conciliation est un rappel du travail qui nous attend dans notre cheminement collectif vers la r\u00e9conciliation. Ensemble, nous devons affronter les v\u00e9rit\u00e9s du pass\u00e9, \u00e9couter les voix des Autochtones et travailler sans rel\u00e2che pour cr\u00e9er une soci\u00e9t\u00e9 plus juste et plus \u00e9quitable.<\/p>\n<p>En tant que syndicat, nous nous engageons \u00e0 faire partie de ce processus de transformation. Nous sommes solidaires des communaut\u00e9s autochtones et r\u00e9affirmons notre soutien \u00e0 leur processus de gu\u00e9rison, \u00e0 leur qu\u00eate de justice et la r\u00e9conciliation de nos deux peuples.<\/p>\n<p>En solidarit\u00e9,<\/p>\n<p>Annette Toth,<\/p>\n<p>Pr\u00e9sidente du COPE\/SEPB<\/p>\n","protected":false},"excerpt":{"rendered":"<p>Le COPE\/SEPB est solidaire des communaut\u00e9s autochtones de Turtle Island \u00e0 l\u2019occasion de la Journ\u00e9e nationale de la v\u00e9rit\u00e9 et de la r\u00e9conciliation. Nous reconnaissons la douleur, la souffrance et le traumatisme interg\u00e9n\u00e9rationnel v\u00e9cus par les peuples autochtones en raison du syst\u00e8me des pensionnats, du racisme syst\u00e9mique et de la colonisation. Nous reconnaissons \u00e9galement l\u2019impact [&hellip;]<\/p>\n","protected":false},"author":3,"featured_media":8363,"comment_status":"closed","ping_status":"open","sticky":false,"template":"","format":"standard","meta":{"_acf_changed":false,"footnotes":""},"categories":[1],"tags":[],"class_list":["post-8362","post","type-post","status-publish","format-standard","has-post-thumbnail","hentry","category-non-classifiee"],"acf":[],"yoast_head":"<!-- This site is optimized with the Yoast SEO plugin v26.9 - https:\/\/yoast.com\/product\/yoast-seo-wordpress\/ -->\n<title>Journ\u00e9e nationale de la v\u00e9rit\u00e9 et de la r\u00e9conciliation - SEPB<\/title>\n<meta name=\"description\" content=\"Le COPE\/SEPB est solidaire des communaut\u00e9s autochtones de Turtle Island \u00e0 l\u2019occasion de la Journ\u00e9e nationale de la v\u00e9rit\u00e9 et de la r\u00e9conciliation.\" \/>\n<meta name=\"robots\" content=\"index, follow, max-snippet:-1, max-image-preview:large, max-video-preview:-1\" \/>\n<link rel=\"canonical\" href=\"https:\/\/copesepb.ca\/fr\/journee-nationale-de-la-verite-et-de-la-reconciliation\/\" \/>\n<meta property=\"og:locale\" content=\"fr_FR\" \/>\n<meta property=\"og:type\" content=\"article\" \/>\n<meta property=\"og:title\" content=\"Journ\u00e9e nationale de la v\u00e9rit\u00e9 et de la r\u00e9conciliation - SEPB\" \/>\n<meta property=\"og:description\" content=\"Le COPE\/SEPB est solidaire des communaut\u00e9s autochtones de Turtle Island \u00e0 l\u2019occasion de la Journ\u00e9e nationale de la v\u00e9rit\u00e9 et de la r\u00e9conciliation.\" \/>\n<meta property=\"og:url\" content=\"https:\/\/copesepb.ca\/fr\/journee-nationale-de-la-verite-et-de-la-reconciliation\/\" \/>\n<meta property=\"og:site_name\" content=\"SEPB\" \/>\n<meta property=\"article:published_time\" content=\"2023-09-29T23:38:14+00:00\" \/>\n<meta property=\"og:image\" content=\"https:\/\/copesepb.ca\/wp-content\/uploads\/2023\/09\/Journee-nationale-de-la-verite-et-de-la-reconciliation-980x675-1.png\" \/>\n\t<meta property=\"og:image:width\" content=\"980\" \/>\n\t<meta property=\"og:image:height\" content=\"675\" \/>\n\t<meta property=\"og:image:type\" content=\"image\/png\" \/>\n<meta name=\"author\" content=\"Dave\" \/>\n<meta name=\"twitter:card\" content=\"summary_large_image\" \/>\n<meta name=\"twitter:label1\" content=\"\u00c9crit par\" \/>\n\t<meta name=\"twitter:data1\" content=\"Dave\" \/>\n\t<meta name=\"twitter:label2\" content=\"Dur\u00e9e de lecture estim\u00e9e\" \/>\n\t<meta name=\"twitter:data2\" content=\"2 minutes\" \/>\n<script type=\"application\/ld+json\" class=\"yoast-schema-graph\">{\"@context\":\"https:\/\/schema.org\",\"@graph\":[{\"@type\":\"Article\",\"@id\":\"https:\/\/copesepb.ca\/fr\/journee-nationale-de-la-verite-et-de-la-reconciliation\/#article\",\"isPartOf\":{\"@id\":\"https:\/\/copesepb.ca\/fr\/journee-nationale-de-la-verite-et-de-la-reconciliation\/\"},\"author\":{\"name\":\"Dave\",\"@id\":\"https:\/\/copesepb.ca\/#\/schema\/person\/a9c2242f274c16f64a8e1410b8ce0425\"},\"headline\":\"Journ\u00e9e nationale de la v\u00e9rit\u00e9 et de la r\u00e9conciliation\",\"datePublished\":\"2023-09-29T23:38:14+00:00\",\"mainEntityOfPage\":{\"@id\":\"https:\/\/copesepb.ca\/fr\/journee-nationale-de-la-verite-et-de-la-reconciliation\/\"},\"wordCount\":293,\"image\":{\"@id\":\"https:\/\/copesepb.ca\/fr\/journee-nationale-de-la-verite-et-de-la-reconciliation\/#primaryimage\"},\"thumbnailUrl\":\"https:\/\/copesepb.ca\/wp-content\/uploads\/2023\/09\/Journee-nationale-de-la-verite-et-de-la-reconciliation-980x675-1.png\",\"articleSection\":[\"Non classifi\u00e9(e)\"],\"inLanguage\":\"fr-FR\"},{\"@type\":\"WebPage\",\"@id\":\"https:\/\/copesepb.ca\/fr\/journee-nationale-de-la-verite-et-de-la-reconciliation\/\",\"url\":\"https:\/\/copesepb.ca\/fr\/journee-nationale-de-la-verite-et-de-la-reconciliation\/\",\"name\":\"Journ\u00e9e nationale de la v\u00e9rit\u00e9 et de la r\u00e9conciliation - SEPB\",\"isPartOf\":{\"@id\":\"https:\/\/copesepb.ca\/#website\"},\"primaryImageOfPage\":{\"@id\":\"https:\/\/copesepb.ca\/fr\/journee-nationale-de-la-verite-et-de-la-reconciliation\/#primaryimage\"},\"image\":{\"@id\":\"https:\/\/copesepb.ca\/fr\/journee-nationale-de-la-verite-et-de-la-reconciliation\/#primaryimage\"},\"thumbnailUrl\":\"https:\/\/copesepb.ca\/wp-content\/uploads\/2023\/09\/Journee-nationale-de-la-verite-et-de-la-reconciliation-980x675-1.png\",\"datePublished\":\"2023-09-29T23:38:14+00:00\",\"author\":{\"@id\":\"https:\/\/copesepb.ca\/#\/schema\/person\/a9c2242f274c16f64a8e1410b8ce0425\"},\"description\":\"Le COPE\/SEPB est solidaire des communaut\u00e9s autochtones de Turtle Island \u00e0 l\u2019occasion de la Journ\u00e9e nationale de la v\u00e9rit\u00e9 et de la r\u00e9conciliation.\",\"breadcrumb\":{\"@id\":\"https:\/\/copesepb.ca\/fr\/journee-nationale-de-la-verite-et-de-la-reconciliation\/#breadcrumb\"},\"inLanguage\":\"fr-FR\",\"potentialAction\":[{\"@type\":\"ReadAction\",\"target\":[\"https:\/\/copesepb.ca\/fr\/journee-nationale-de-la-verite-et-de-la-reconciliation\/\"]}]},{\"@type\":\"ImageObject\",\"inLanguage\":\"fr-FR\",\"@id\":\"https:\/\/copesepb.ca\/fr\/journee-nationale-de-la-verite-et-de-la-reconciliation\/#primaryimage\",\"url\":\"https:\/\/copesepb.ca\/wp-content\/uploads\/2023\/09\/Journee-nationale-de-la-verite-et-de-la-reconciliation-980x675-1.png\",\"contentUrl\":\"https:\/\/copesepb.ca\/wp-content\/uploads\/2023\/09\/Journee-nationale-de-la-verite-et-de-la-reconciliation-980x675-1.png\",\"width\":980,\"height\":675},{\"@type\":\"BreadcrumbList\",\"@id\":\"https:\/\/copesepb.ca\/fr\/journee-nationale-de-la-verite-et-de-la-reconciliation\/#breadcrumb\",\"itemListElement\":[{\"@type\":\"ListItem\",\"position\":1,\"name\":\"Accueil\",\"item\":\"https:\/\/copesepb.ca\/\"},{\"@type\":\"ListItem\",\"position\":2,\"name\":\"Journ\u00e9e nationale de la v\u00e9rit\u00e9 et de la r\u00e9conciliation\"}]},{\"@type\":\"WebSite\",\"@id\":\"https:\/\/copesepb.ca\/#website\",\"url\":\"https:\/\/copesepb.ca\/\",\"name\":\"SEPB\",\"description\":\"\",\"potentialAction\":[{\"@type\":\"SearchAction\",\"target\":{\"@type\":\"EntryPoint\",\"urlTemplate\":\"https:\/\/copesepb.ca\/?s={search_term_string}\"},\"query-input\":{\"@type\":\"PropertyValueSpecification\",\"valueRequired\":true,\"valueName\":\"search_term_string\"}}],\"inLanguage\":\"fr-FR\"},{\"@type\":\"Person\",\"@id\":\"https:\/\/copesepb.ca\/#\/schema\/person\/a9c2242f274c16f64a8e1410b8ce0425\",\"name\":\"Dave\",\"image\":{\"@type\":\"ImageObject\",\"inLanguage\":\"fr-FR\",\"@id\":\"https:\/\/copesepb.ca\/#\/schema\/person\/image\/\",\"url\":\"https:\/\/secure.gravatar.com\/avatar\/e4a06be28520c72e5f24d8321918ee30e1a2b87a535c46e526760843fb1e6a07?s=96&d=mm&r=g\",\"contentUrl\":\"https:\/\/secure.gravatar.com\/avatar\/e4a06be28520c72e5f24d8321918ee30e1a2b87a535c46e526760843fb1e6a07?s=96&d=mm&r=g\",\"caption\":\"Dave\"}}]}<\/script>\n<!-- \/ Yoast SEO plugin. -->","yoast_head_json":{"title":"Journ\u00e9e nationale de la v\u00e9rit\u00e9 et de la r\u00e9conciliation - SEPB","description":"Le COPE\/SEPB est solidaire des communaut\u00e9s autochtones de Turtle Island \u00e0 l\u2019occasion de la Journ\u00e9e nationale de la v\u00e9rit\u00e9 et de la r\u00e9conciliation.","robots":{"index":"index","follow":"follow","max-snippet":"max-snippet:-1","max-image-preview":"max-image-preview:large","max-video-preview":"max-video-preview:-1"},"canonical":"https:\/\/copesepb.ca\/fr\/journee-nationale-de-la-verite-et-de-la-reconciliation\/","og_locale":"fr_FR","og_type":"article","og_title":"Journ\u00e9e nationale de la v\u00e9rit\u00e9 et de la r\u00e9conciliation - SEPB","og_description":"Le COPE\/SEPB est solidaire des communaut\u00e9s autochtones de Turtle Island \u00e0 l\u2019occasion de la Journ\u00e9e nationale de la v\u00e9rit\u00e9 et de la r\u00e9conciliation.","og_url":"https:\/\/copesepb.ca\/fr\/journee-nationale-de-la-verite-et-de-la-reconciliation\/","og_site_name":"SEPB","article_published_time":"2023-09-29T23:38:14+00:00","og_image":[{"width":980,"height":675,"url":"https:\/\/copesepb.ca\/wp-content\/uploads\/2023\/09\/Journee-nationale-de-la-verite-et-de-la-reconciliation-980x675-1.png","type":"image\/png"}],"author":"Dave","twitter_card":"summary_large_image","twitter_misc":{"\u00c9crit par":"Dave","Dur\u00e9e de lecture estim\u00e9e":"2 minutes"},"schema":{"@context":"https:\/\/schema.org","@graph":[{"@type":"Article","@id":"https:\/\/copesepb.ca\/fr\/journee-nationale-de-la-verite-et-de-la-reconciliation\/#article","isPartOf":{"@id":"https:\/\/copesepb.ca\/fr\/journee-nationale-de-la-verite-et-de-la-reconciliation\/"},"author":{"name":"Dave","@id":"https:\/\/copesepb.ca\/#\/schema\/person\/a9c2242f274c16f64a8e1410b8ce0425"},"headline":"Journ\u00e9e nationale de la v\u00e9rit\u00e9 et de la r\u00e9conciliation","datePublished":"2023-09-29T23:38:14+00:00","mainEntityOfPage":{"@id":"https:\/\/copesepb.ca\/fr\/journee-nationale-de-la-verite-et-de-la-reconciliation\/"},"wordCount":293,"image":{"@id":"https:\/\/copesepb.ca\/fr\/journee-nationale-de-la-verite-et-de-la-reconciliation\/#primaryimage"},"thumbnailUrl":"https:\/\/copesepb.ca\/wp-content\/uploads\/2023\/09\/Journee-nationale-de-la-verite-et-de-la-reconciliation-980x675-1.png","articleSection":["Non classifi\u00e9(e)"],"inLanguage":"fr-FR"},{"@type":"WebPage","@id":"https:\/\/copesepb.ca\/fr\/journee-nationale-de-la-verite-et-de-la-reconciliation\/","url":"https:\/\/copesepb.ca\/fr\/journee-nationale-de-la-verite-et-de-la-reconciliation\/","name":"Journ\u00e9e nationale de la v\u00e9rit\u00e9 et de la r\u00e9conciliation - SEPB","isPartOf":{"@id":"https:\/\/copesepb.ca\/#website"},"primaryImageOfPage":{"@id":"https:\/\/copesepb.ca\/fr\/journee-nationale-de-la-verite-et-de-la-reconciliation\/#primaryimage"},"image":{"@id":"https:\/\/copesepb.ca\/fr\/journee-nationale-de-la-verite-et-de-la-reconciliation\/#primaryimage"},"thumbnailUrl":"https:\/\/copesepb.ca\/wp-content\/uploads\/2023\/09\/Journee-nationale-de-la-verite-et-de-la-reconciliation-980x675-1.png","datePublished":"2023-09-29T23:38:14+00:00","author":{"@id":"https:\/\/copesepb.ca\/#\/schema\/person\/a9c2242f274c16f64a8e1410b8ce0425"},"description":"Le COPE\/SEPB est solidaire des communaut\u00e9s autochtones de Turtle Island \u00e0 l\u2019occasion de la Journ\u00e9e nationale de la v\u00e9rit\u00e9 et de la r\u00e9conciliation.","breadcrumb":{"@id":"https:\/\/copesepb.ca\/fr\/journee-nationale-de-la-verite-et-de-la-reconciliation\/#breadcrumb"},"inLanguage":"fr-FR","potentialAction":[{"@type":"ReadAction","target":["https:\/\/copesepb.ca\/fr\/journee-nationale-de-la-verite-et-de-la-reconciliation\/"]}]},{"@type":"ImageObject","inLanguage":"fr-FR","@id":"https:\/\/copesepb.ca\/fr\/journee-nationale-de-la-verite-et-de-la-reconciliation\/#primaryimage","url":"https:\/\/copesepb.ca\/wp-content\/uploads\/2023\/09\/Journee-nationale-de-la-verite-et-de-la-reconciliation-980x675-1.png","contentUrl":"https:\/\/copesepb.ca\/wp-content\/uploads\/2023\/09\/Journee-nationale-de-la-verite-et-de-la-reconciliation-980x675-1.png","width":980,"height":675},{"@type":"BreadcrumbList","@id":"https:\/\/copesepb.ca\/fr\/journee-nationale-de-la-verite-et-de-la-reconciliation\/#breadcrumb","itemListElement":[{"@type":"ListItem","position":1,"name":"Accueil","item":"https:\/\/copesepb.ca\/"},{"@type":"ListItem","position":2,"name":"Journ\u00e9e nationale de la v\u00e9rit\u00e9 et de la r\u00e9conciliation"}]},{"@type":"WebSite","@id":"https:\/\/copesepb.ca\/#website","url":"https:\/\/copesepb.ca\/","name":"SEPB","description":"","potentialAction":[{"@type":"SearchAction","target":{"@type":"EntryPoint","urlTemplate":"https:\/\/copesepb.ca\/?s={search_term_string}"},"query-input":{"@type":"PropertyValueSpecification","valueRequired":true,"valueName":"search_term_string"}}],"inLanguage":"fr-FR"},{"@type":"Person","@id":"https:\/\/copesepb.ca\/#\/schema\/person\/a9c2242f274c16f64a8e1410b8ce0425","name":"Dave","image":{"@type":"ImageObject","inLanguage":"fr-FR","@id":"https:\/\/copesepb.ca\/#\/schema\/person\/image\/","url":"https:\/\/secure.gravatar.com\/avatar\/e4a06be28520c72e5f24d8321918ee30e1a2b87a535c46e526760843fb1e6a07?s=96&d=mm&r=g","contentUrl":"https:\/\/secure.gravatar.com\/avatar\/e4a06be28520c72e5f24d8321918ee30e1a2b87a535c46e526760843fb1e6a07?s=96&d=mm&r=g","caption":"Dave"}}]}},"_links":{"self":[{"href":"https:\/\/copesepb.ca\/fr\/wp-json\/wp\/v2\/posts\/8362","targetHints":{"allow":["GET"]}}],"collection":[{"href":"https:\/\/copesepb.ca\/fr\/wp-json\/wp\/v2\/posts"}],"about":[{"href":"https:\/\/copesepb.ca\/fr\/wp-json\/wp\/v2\/types\/post"}],"author":[{"embeddable":true,"href":"https:\/\/copesepb.ca\/fr\/wp-json\/wp\/v2\/users\/3"}],"replies":[{"embeddable":true,"href":"https:\/\/copesepb.ca\/fr\/wp-json\/wp\/v2\/comments?post=8362"}],"version-history":[{"count":1,"href":"https:\/\/copesepb.ca\/fr\/wp-json\/wp\/v2\/posts\/8362\/revisions"}],"predecessor-version":[{"id":8365,"href":"https:\/\/copesepb.ca\/fr\/wp-json\/wp\/v2\/posts\/8362\/revisions\/8365"}],"wp:featuredmedia":[{"embeddable":true,"href":"https:\/\/copesepb.ca\/fr\/wp-json\/wp\/v2\/media\/8363"}],"wp:attachment":[{"href":"https:\/\/copesepb.ca\/fr\/wp-json\/wp\/v2\/media?parent=8362"}],"wp:term":[{"taxonomy":"category","embeddable":true,"href":"https:\/\/copesepb.ca\/fr\/wp-json\/wp\/v2\/categories?post=8362"},{"taxonomy":"post_tag","embeddable":true,"href":"https:\/\/copesepb.ca\/fr\/wp-json\/wp\/v2\/tags?post=8362"}],"curies":[{"name":"wp","href":"https:\/\/api.w.org\/{rel}","templated":true}]}}