{"id":7923,"date":"2023-03-27T12:52:00","date_gmt":"2023-03-27T16:52:00","guid":{"rendered":"https:\/\/copesepb.ca\/?p=7923"},"modified":"2023-03-27T12:52:00","modified_gmt":"2023-03-27T16:52:00","slug":"toujours-ensemble-unis-dans-la-diversite","status":"publish","type":"post","link":"https:\/\/copesepb.ca\/fr\/toujours-ensemble-unis-dans-la-diversite\/","title":{"rendered":"Toujours ensemble : unis dans la diversit\u00e9"},"content":{"rendered":"<h5><strong>Lettre de Larry Rousseau, Vice-pr\u00e9sident ex\u00e9cutif du CTC:<\/strong><\/h5>\n<p>Puisque la saison de la Fiert\u00e9 2023 approche \u00e0 grands pas, le CTC est heureux de partager des documents pour aider ses affili\u00e9s \u00e0 se pr\u00e9parer \u00e0 participer aux \u00e9v\u00e9nements dans les diff\u00e9rentes parties du pays.<\/p>\n<p>Cette ann\u00e9e, nous avons d\u00e9cid\u00e9 d\u2019adopter le th\u00e8me <a href=\"https:\/\/ilga.org\/fr\/journee-internationale-contre-homophobie-transphobie-biphobie-theme-2023\">de l\u2019IDAHOBIT \u00e9tabli par ILGA World<\/a> pour la Fiert\u00e9 2023 : \u00ab Toujours ensemble : unis dans la diversit\u00e9 \u00bb.\u00a0 Ce th\u00e8me souligne l\u2019importance de la solidarit\u00e9, que nous connaissons bien au sein du mouvement syndical et qui est indispensable \u00e0 la d\u00e9fense des progr\u00e8s que nous avons r\u00e9alis\u00e9s de haute lutte dans la promotion des droits des 2SLGBTQI+ au Canada.<\/p>\n<p>Tout le monde sait que les organisations de la Fiert\u00e9 d\u2019un oc\u00e9an \u00e0 l\u2019autre ont fait l\u2019objet de haine et de violence homophobes et transphobes, et les assauts qu\u2019elles ont subis sont irr\u00e9futablement li\u00e9s aux efforts de plus vaste port\u00e9e faits par la droite alternative et les tenants de la supr\u00e9matie blanche. C\u2019est pourquoi il est si important de c\u00e9l\u00e9brer cette ann\u00e9e en faisant conna\u00eetre l\u2019engagement du CTC \u00e0 l\u2019\u00e9gard des droits de la personne. De proclamer haut et fort que notre mouvement apportera sa solidarit\u00e9 et sa force en premi\u00e8re ligne \u00e0 tous les \u00e9v\u00e9nements de la Fiert\u00e9 auxquels nous pouvons participer. De d\u00e9fendre farouchement contre l\u2019\u00e9troitesse d\u2019esprit et l\u2019ignorance que v\u00e9hicule l\u2019extr\u00eame droite. De c\u00e9l\u00e9brer la richesse et les contributions des personnes 2SLGBTQI+ au Canada et de continuer \u00e0 lutter c\u00f4te \u00e0 c\u00f4te pour l\u2019\u00e9quit\u00e9 et la justice tant dans nos collectivit\u00e9s qu\u2019au sein de nos lieux de travail.<\/p>\n<p>Pour vous aider \u00e0 incorporer le th\u00e8me et la focalisation \u00e0 votre planification des \u00e9v\u00e9nements de la Fiert\u00e9 de cette ann\u00e9e, nous avons \u00e9tabli des outils que vous pouvez employer. Nous vous invitons \u00e0 vous en servir et \u00e0 les adapter \u00e0 votre guise.<\/p>\n<p>La trousse de campagne Fiert\u00e9 de 2023 du CTC comprend ce qui suit :<\/p>\n<ul>\n<li><a href=\"https:\/\/documents.clcctc.ca\/whr\/Pride-LGBT\/2023-03-02-Pride-social-content-FOR-AFFILIATES-2023-BIL.docx\">Mod\u00e8les de publications sur les m\u00e9dias sociaux<\/a><\/li>\n<li><a href=\"https:\/\/documents.clcctc.ca\/whr\/Pride-LGBT\/ShareableGraphics.zip\">Infographies partageables<\/a><\/li>\n<li><a href=\"https:\/\/documents.clcctc.ca\/whr\/Pride-LGBT\/CustomizableGraphics.zip\">Infographies adaptables<\/a><\/li>\n<li>Aper\u00e7us de nos d\u00e9clarations du <a href=\"https:\/\/documents.clcctc.ca\/WHR\/Pride-LGBT\/2023-03-18-May17statement-FR.pdf\">17 mai sur l\u2019IDAHOBIT<\/a> et du <a href=\"https:\/\/documents.clcctc.ca\/WHR\/Pride-LGBT\/2023-03-22-Pride-Statement-FR.pdf\">1er juin sur la Fiert\u00e9<\/a>.<\/li>\n<\/ul>\n<p>En cette saison de la Fiert\u00e9, indiquons sans d\u00e9tour que les syndicats du Canada consid\u00e8rent toute forme de phobie et de violence \u00e0 l\u2019\u00e9gard des 2SLGBTQI+ comme une atteinte \u00e0 la vision progressiste dont nous pr\u00e9coniserons toujours la mat\u00e9rialisation dans notre pays. Il est temps de riposter \u00e0 la haine et de c\u00e9l\u00e9brer avec Fiert\u00e9!<\/p>\n","protected":false},"excerpt":{"rendered":"<p>Lettre de Larry Rousseau, Vice-pr\u00e9sident ex\u00e9cutif du CTC: Puisque la saison de la Fiert\u00e9 2023 approche \u00e0 grands pas, le CTC est heureux de partager des documents pour aider ses affili\u00e9s \u00e0 se pr\u00e9parer \u00e0 participer aux \u00e9v\u00e9nements dans les diff\u00e9rentes parties du pays. Cette ann\u00e9e, nous avons d\u00e9cid\u00e9 d\u2019adopter le th\u00e8me de l\u2019IDAHOBIT \u00e9tabli [&hellip;]<\/p>\n","protected":false},"author":3,"featured_media":7920,"comment_status":"closed","ping_status":"open","sticky":false,"template":"","format":"standard","meta":{"_acf_changed":false,"footnotes":""},"categories":[1],"tags":[],"class_list":["post-7923","post","type-post","status-publish","format-standard","has-post-thumbnail","hentry","category-non-classifiee"],"acf":[],"yoast_head":"<!-- This site is optimized with the Yoast SEO plugin v26.9 - https:\/\/yoast.com\/product\/yoast-seo-wordpress\/ -->\n<title>Toujours ensemble : unis dans la diversit\u00e9 - SEPB<\/title>\n<meta name=\"robots\" content=\"index, follow, max-snippet:-1, max-image-preview:large, max-video-preview:-1\" \/>\n<link rel=\"canonical\" href=\"https:\/\/copesepb.ca\/fr\/toujours-ensemble-unis-dans-la-diversite\/\" \/>\n<meta property=\"og:locale\" content=\"fr_FR\" \/>\n<meta property=\"og:type\" content=\"article\" \/>\n<meta property=\"og:title\" content=\"Toujours ensemble : unis dans la diversit\u00e9 - SEPB\" \/>\n<meta property=\"og:description\" content=\"Lettre de Larry Rousseau, Vice-pr\u00e9sident ex\u00e9cutif du CTC: Puisque la saison de la Fiert\u00e9 2023 approche \u00e0 grands pas, le CTC est heureux de partager des documents pour aider ses affili\u00e9s \u00e0 se pr\u00e9parer \u00e0 participer aux \u00e9v\u00e9nements dans les diff\u00e9rentes parties du pays. Cette ann\u00e9e, nous avons d\u00e9cid\u00e9 d\u2019adopter le th\u00e8me de l\u2019IDAHOBIT \u00e9tabli [&hellip;]\" \/>\n<meta property=\"og:url\" content=\"https:\/\/copesepb.ca\/fr\/toujours-ensemble-unis-dans-la-diversite\/\" \/>\n<meta property=\"og:site_name\" content=\"SEPB\" \/>\n<meta property=\"article:published_time\" content=\"2023-03-27T16:52:00+00:00\" \/>\n<meta property=\"og:image\" content=\"https:\/\/copesepb.ca\/wp-content\/uploads\/2023\/03\/shutterstock_1111943699.jpg\" \/>\n\t<meta property=\"og:image:width\" content=\"1607\" \/>\n\t<meta property=\"og:image:height\" content=\"1071\" \/>\n\t<meta property=\"og:image:type\" content=\"image\/jpeg\" \/>\n<meta name=\"author\" content=\"Dave\" \/>\n<meta name=\"twitter:card\" content=\"summary_large_image\" \/>\n<meta name=\"twitter:label1\" content=\"\u00c9crit par\" \/>\n\t<meta name=\"twitter:data1\" content=\"Dave\" \/>\n\t<meta name=\"twitter:label2\" content=\"Dur\u00e9e de lecture estim\u00e9e\" \/>\n\t<meta name=\"twitter:data2\" content=\"3 minutes\" \/>\n<script type=\"application\/ld+json\" class=\"yoast-schema-graph\">{\"@context\":\"https:\/\/schema.org\",\"@graph\":[{\"@type\":\"Article\",\"@id\":\"https:\/\/copesepb.ca\/fr\/toujours-ensemble-unis-dans-la-diversite\/#article\",\"isPartOf\":{\"@id\":\"https:\/\/copesepb.ca\/fr\/toujours-ensemble-unis-dans-la-diversite\/\"},\"author\":{\"name\":\"Dave\",\"@id\":\"https:\/\/copesepb.ca\/#\/schema\/person\/a9c2242f274c16f64a8e1410b8ce0425\"},\"headline\":\"Toujours ensemble : unis dans la diversit\u00e9\",\"datePublished\":\"2023-03-27T16:52:00+00:00\",\"mainEntityOfPage\":{\"@id\":\"https:\/\/copesepb.ca\/fr\/toujours-ensemble-unis-dans-la-diversite\/\"},\"wordCount\":448,\"image\":{\"@id\":\"https:\/\/copesepb.ca\/fr\/toujours-ensemble-unis-dans-la-diversite\/#primaryimage\"},\"thumbnailUrl\":\"https:\/\/copesepb.ca\/wp-content\/uploads\/2023\/03\/shutterstock_1111943699.jpg\",\"articleSection\":[\"Non classifi\u00e9(e)\"],\"inLanguage\":\"fr-FR\"},{\"@type\":\"WebPage\",\"@id\":\"https:\/\/copesepb.ca\/fr\/toujours-ensemble-unis-dans-la-diversite\/\",\"url\":\"https:\/\/copesepb.ca\/fr\/toujours-ensemble-unis-dans-la-diversite\/\",\"name\":\"Toujours ensemble : unis dans la diversit\u00e9 - SEPB\",\"isPartOf\":{\"@id\":\"https:\/\/copesepb.ca\/#website\"},\"primaryImageOfPage\":{\"@id\":\"https:\/\/copesepb.ca\/fr\/toujours-ensemble-unis-dans-la-diversite\/#primaryimage\"},\"image\":{\"@id\":\"https:\/\/copesepb.ca\/fr\/toujours-ensemble-unis-dans-la-diversite\/#primaryimage\"},\"thumbnailUrl\":\"https:\/\/copesepb.ca\/wp-content\/uploads\/2023\/03\/shutterstock_1111943699.jpg\",\"datePublished\":\"2023-03-27T16:52:00+00:00\",\"author\":{\"@id\":\"https:\/\/copesepb.ca\/#\/schema\/person\/a9c2242f274c16f64a8e1410b8ce0425\"},\"breadcrumb\":{\"@id\":\"https:\/\/copesepb.ca\/fr\/toujours-ensemble-unis-dans-la-diversite\/#breadcrumb\"},\"inLanguage\":\"fr-FR\",\"potentialAction\":[{\"@type\":\"ReadAction\",\"target\":[\"https:\/\/copesepb.ca\/fr\/toujours-ensemble-unis-dans-la-diversite\/\"]}]},{\"@type\":\"ImageObject\",\"inLanguage\":\"fr-FR\",\"@id\":\"https:\/\/copesepb.ca\/fr\/toujours-ensemble-unis-dans-la-diversite\/#primaryimage\",\"url\":\"https:\/\/copesepb.ca\/wp-content\/uploads\/2023\/03\/shutterstock_1111943699.jpg\",\"contentUrl\":\"https:\/\/copesepb.ca\/wp-content\/uploads\/2023\/03\/shutterstock_1111943699.jpg\",\"width\":1607,\"height\":1071},{\"@type\":\"BreadcrumbList\",\"@id\":\"https:\/\/copesepb.ca\/fr\/toujours-ensemble-unis-dans-la-diversite\/#breadcrumb\",\"itemListElement\":[{\"@type\":\"ListItem\",\"position\":1,\"name\":\"Accueil\",\"item\":\"https:\/\/copesepb.ca\/\"},{\"@type\":\"ListItem\",\"position\":2,\"name\":\"Toujours ensemble : unis dans la diversit\u00e9\"}]},{\"@type\":\"WebSite\",\"@id\":\"https:\/\/copesepb.ca\/#website\",\"url\":\"https:\/\/copesepb.ca\/\",\"name\":\"SEPB\",\"description\":\"\",\"potentialAction\":[{\"@type\":\"SearchAction\",\"target\":{\"@type\":\"EntryPoint\",\"urlTemplate\":\"https:\/\/copesepb.ca\/?s={search_term_string}\"},\"query-input\":{\"@type\":\"PropertyValueSpecification\",\"valueRequired\":true,\"valueName\":\"search_term_string\"}}],\"inLanguage\":\"fr-FR\"},{\"@type\":\"Person\",\"@id\":\"https:\/\/copesepb.ca\/#\/schema\/person\/a9c2242f274c16f64a8e1410b8ce0425\",\"name\":\"Dave\",\"image\":{\"@type\":\"ImageObject\",\"inLanguage\":\"fr-FR\",\"@id\":\"https:\/\/copesepb.ca\/#\/schema\/person\/image\/\",\"url\":\"https:\/\/secure.gravatar.com\/avatar\/e4a06be28520c72e5f24d8321918ee30e1a2b87a535c46e526760843fb1e6a07?s=96&d=mm&r=g\",\"contentUrl\":\"https:\/\/secure.gravatar.com\/avatar\/e4a06be28520c72e5f24d8321918ee30e1a2b87a535c46e526760843fb1e6a07?s=96&d=mm&r=g\",\"caption\":\"Dave\"}}]}<\/script>\n<!-- \/ Yoast SEO plugin. -->","yoast_head_json":{"title":"Toujours ensemble : unis dans la diversit\u00e9 - SEPB","robots":{"index":"index","follow":"follow","max-snippet":"max-snippet:-1","max-image-preview":"max-image-preview:large","max-video-preview":"max-video-preview:-1"},"canonical":"https:\/\/copesepb.ca\/fr\/toujours-ensemble-unis-dans-la-diversite\/","og_locale":"fr_FR","og_type":"article","og_title":"Toujours ensemble : unis dans la diversit\u00e9 - SEPB","og_description":"Lettre de Larry Rousseau, Vice-pr\u00e9sident ex\u00e9cutif du CTC: Puisque la saison de la Fiert\u00e9 2023 approche \u00e0 grands pas, le CTC est heureux de partager des documents pour aider ses affili\u00e9s \u00e0 se pr\u00e9parer \u00e0 participer aux \u00e9v\u00e9nements dans les diff\u00e9rentes parties du pays. Cette ann\u00e9e, nous avons d\u00e9cid\u00e9 d\u2019adopter le th\u00e8me de l\u2019IDAHOBIT \u00e9tabli [&hellip;]","og_url":"https:\/\/copesepb.ca\/fr\/toujours-ensemble-unis-dans-la-diversite\/","og_site_name":"SEPB","article_published_time":"2023-03-27T16:52:00+00:00","og_image":[{"width":1607,"height":1071,"url":"https:\/\/copesepb.ca\/wp-content\/uploads\/2023\/03\/shutterstock_1111943699.jpg","type":"image\/jpeg"}],"author":"Dave","twitter_card":"summary_large_image","twitter_misc":{"\u00c9crit par":"Dave","Dur\u00e9e de lecture estim\u00e9e":"3 minutes"},"schema":{"@context":"https:\/\/schema.org","@graph":[{"@type":"Article","@id":"https:\/\/copesepb.ca\/fr\/toujours-ensemble-unis-dans-la-diversite\/#article","isPartOf":{"@id":"https:\/\/copesepb.ca\/fr\/toujours-ensemble-unis-dans-la-diversite\/"},"author":{"name":"Dave","@id":"https:\/\/copesepb.ca\/#\/schema\/person\/a9c2242f274c16f64a8e1410b8ce0425"},"headline":"Toujours ensemble : unis dans la diversit\u00e9","datePublished":"2023-03-27T16:52:00+00:00","mainEntityOfPage":{"@id":"https:\/\/copesepb.ca\/fr\/toujours-ensemble-unis-dans-la-diversite\/"},"wordCount":448,"image":{"@id":"https:\/\/copesepb.ca\/fr\/toujours-ensemble-unis-dans-la-diversite\/#primaryimage"},"thumbnailUrl":"https:\/\/copesepb.ca\/wp-content\/uploads\/2023\/03\/shutterstock_1111943699.jpg","articleSection":["Non classifi\u00e9(e)"],"inLanguage":"fr-FR"},{"@type":"WebPage","@id":"https:\/\/copesepb.ca\/fr\/toujours-ensemble-unis-dans-la-diversite\/","url":"https:\/\/copesepb.ca\/fr\/toujours-ensemble-unis-dans-la-diversite\/","name":"Toujours ensemble : unis dans la diversit\u00e9 - SEPB","isPartOf":{"@id":"https:\/\/copesepb.ca\/#website"},"primaryImageOfPage":{"@id":"https:\/\/copesepb.ca\/fr\/toujours-ensemble-unis-dans-la-diversite\/#primaryimage"},"image":{"@id":"https:\/\/copesepb.ca\/fr\/toujours-ensemble-unis-dans-la-diversite\/#primaryimage"},"thumbnailUrl":"https:\/\/copesepb.ca\/wp-content\/uploads\/2023\/03\/shutterstock_1111943699.jpg","datePublished":"2023-03-27T16:52:00+00:00","author":{"@id":"https:\/\/copesepb.ca\/#\/schema\/person\/a9c2242f274c16f64a8e1410b8ce0425"},"breadcrumb":{"@id":"https:\/\/copesepb.ca\/fr\/toujours-ensemble-unis-dans-la-diversite\/#breadcrumb"},"inLanguage":"fr-FR","potentialAction":[{"@type":"ReadAction","target":["https:\/\/copesepb.ca\/fr\/toujours-ensemble-unis-dans-la-diversite\/"]}]},{"@type":"ImageObject","inLanguage":"fr-FR","@id":"https:\/\/copesepb.ca\/fr\/toujours-ensemble-unis-dans-la-diversite\/#primaryimage","url":"https:\/\/copesepb.ca\/wp-content\/uploads\/2023\/03\/shutterstock_1111943699.jpg","contentUrl":"https:\/\/copesepb.ca\/wp-content\/uploads\/2023\/03\/shutterstock_1111943699.jpg","width":1607,"height":1071},{"@type":"BreadcrumbList","@id":"https:\/\/copesepb.ca\/fr\/toujours-ensemble-unis-dans-la-diversite\/#breadcrumb","itemListElement":[{"@type":"ListItem","position":1,"name":"Accueil","item":"https:\/\/copesepb.ca\/"},{"@type":"ListItem","position":2,"name":"Toujours ensemble : unis dans la diversit\u00e9"}]},{"@type":"WebSite","@id":"https:\/\/copesepb.ca\/#website","url":"https:\/\/copesepb.ca\/","name":"SEPB","description":"","potentialAction":[{"@type":"SearchAction","target":{"@type":"EntryPoint","urlTemplate":"https:\/\/copesepb.ca\/?s={search_term_string}"},"query-input":{"@type":"PropertyValueSpecification","valueRequired":true,"valueName":"search_term_string"}}],"inLanguage":"fr-FR"},{"@type":"Person","@id":"https:\/\/copesepb.ca\/#\/schema\/person\/a9c2242f274c16f64a8e1410b8ce0425","name":"Dave","image":{"@type":"ImageObject","inLanguage":"fr-FR","@id":"https:\/\/copesepb.ca\/#\/schema\/person\/image\/","url":"https:\/\/secure.gravatar.com\/avatar\/e4a06be28520c72e5f24d8321918ee30e1a2b87a535c46e526760843fb1e6a07?s=96&d=mm&r=g","contentUrl":"https:\/\/secure.gravatar.com\/avatar\/e4a06be28520c72e5f24d8321918ee30e1a2b87a535c46e526760843fb1e6a07?s=96&d=mm&r=g","caption":"Dave"}}]}},"_links":{"self":[{"href":"https:\/\/copesepb.ca\/fr\/wp-json\/wp\/v2\/posts\/7923","targetHints":{"allow":["GET"]}}],"collection":[{"href":"https:\/\/copesepb.ca\/fr\/wp-json\/wp\/v2\/posts"}],"about":[{"href":"https:\/\/copesepb.ca\/fr\/wp-json\/wp\/v2\/types\/post"}],"author":[{"embeddable":true,"href":"https:\/\/copesepb.ca\/fr\/wp-json\/wp\/v2\/users\/3"}],"replies":[{"embeddable":true,"href":"https:\/\/copesepb.ca\/fr\/wp-json\/wp\/v2\/comments?post=7923"}],"version-history":[{"count":1,"href":"https:\/\/copesepb.ca\/fr\/wp-json\/wp\/v2\/posts\/7923\/revisions"}],"predecessor-version":[{"id":7924,"href":"https:\/\/copesepb.ca\/fr\/wp-json\/wp\/v2\/posts\/7923\/revisions\/7924"}],"wp:featuredmedia":[{"embeddable":true,"href":"https:\/\/copesepb.ca\/fr\/wp-json\/wp\/v2\/media\/7920"}],"wp:attachment":[{"href":"https:\/\/copesepb.ca\/fr\/wp-json\/wp\/v2\/media?parent=7923"}],"wp:term":[{"taxonomy":"category","embeddable":true,"href":"https:\/\/copesepb.ca\/fr\/wp-json\/wp\/v2\/categories?post=7923"},{"taxonomy":"post_tag","embeddable":true,"href":"https:\/\/copesepb.ca\/fr\/wp-json\/wp\/v2\/tags?post=7923"}],"curies":[{"name":"wp","href":"https:\/\/api.w.org\/{rel}","templated":true}]}}