{"id":6275,"date":"2022-02-17T16:19:49","date_gmt":"2022-02-17T20:19:49","guid":{"rendered":"https:\/\/copesepb.mlbwdev.com\/?p=6275"},"modified":"2022-03-17T16:20:28","modified_gmt":"2022-03-17T20:20:28","slug":"tous-les-travailleurs-meritent-dix-journees-de-conge-paye","status":"publish","type":"post","link":"https:\/\/copesepb.ca\/fr\/tous-les-travailleurs-meritent-dix-journees-de-conge-paye\/","title":{"rendered":"Tous les travailleurs m\u00e9ritent dix journ\u00e9es de cong\u00e9 pay\u00e9"},"content":{"rendered":"<p>\u00c0 la veille des r\u00e9unions des ministres du Travail f\u00e9d\u00e9ral, provinciaux et territoriaux, qui seront pr\u00e9sid\u00e9es par le ministre Seamus O\u2019Regan, les syndicats du Canada incitent les dirigeants du Canada \u00e0 prot\u00e9ger nos communaut\u00e9s contre la COVID-19 et les virus futurs en s\u2019assurant que les travailleurs et travailleuses aient acc\u00e8s \u00e0 10 journ\u00e9es de cong\u00e9 de maladie pay\u00e9 dans toutes les comp\u00e9tences canadiennes.<\/p>\n<p>\u00ab\u00a0La protection de la sant\u00e9 publique et la protection des travailleurs et travailleuses vont de pair. Depuis le d\u00e9but de la pand\u00e9mie, nous avons vu que si les travailleurs et travailleuses ne peuvent pas rester \u00e0 la maison, nos communaut\u00e9s en paient le prix car les \u00e9closions se multiplient et les r\u00e9sultats pour la sant\u00e9 empirent\u00a0\u00bb, dit Bea Bruske, pr\u00e9sidente du Congr\u00e8s du travail du Canada (CTC). \u00ab\u00a0La r\u00e9alit\u00e9 est que nous savons que les cong\u00e9s de maladie pay\u00e9s sauvent des vies. Nous incitons le ministre du Travail du Canada \u00e0 collaborer avec les provinces et les territoires pour voir \u00e0 ce que tous les travailleurs et travailleuses puissent rester \u00e0 la maison quand ils sont malades gr\u00e2ce \u00e0 l\u2019acc\u00e8s \u00e0 10 journ\u00e9es de cong\u00e9 de maladie pay\u00e9.\u00a0\u00bb<\/p>\n<p>Bien qu\u2019ils aient accueilli l\u2019adoption d\u2019une loi f\u00e9d\u00e9rale, les syndicats du Canada incitent le gouvernement \u00e0 acc\u00e9l\u00e9rer la mise en application de cette loi.<\/p>\n<p>\u00ab\u00a0Nous remercions les parlementaires et le gouvernement d\u2019avoir adopt\u00e9 la loi f\u00e9d\u00e9rale si rapidement et unanimement. Cependant, la pand\u00e9mie n\u2019est pas finie et de nouveaux variants apparaissent\u00a0\u00bb, d\u00e9clare madame Bruske. \u00ab\u00a0Il est d\u2019une importance cruciale que le gouvernement mette la loi en application sans tarder afin que les travailleurs et travailleuses sous r\u00e9glementation f\u00e9d\u00e9rale puissent commencer \u00e0 avoir acc\u00e8s aux journ\u00e9es de cong\u00e9 de maladie le plus t\u00f4t possible.\u00a0\u00bb<\/p>\n<p>Madame Bruske ajoute que le droit d\u2019acc\u00e8s aux cong\u00e9s de maladie doit s\u2019assortir de modifications de la culture du lieu de travail afin que les travailleurs et travailleuses se sentent libres de prendre les cong\u00e9s de maladie auxquels ils ont droit. Elle signale que certains des programmes provinciaux actuels ne sont pas pleinement utilis\u00e9s, particuli\u00e8rement dans le cas du personnel non syndiqu\u00e9, en raison des pressions exerc\u00e9es par les employeurs. Cela nuit particuli\u00e8rement aux personnels des soins, que ce soient les soins de sant\u00e9, les services de garde d\u2019enfants ou les soins de longue dur\u00e9e.<\/p>\n<p>\u00ab\u00a0Bien des travailleurs et travailleuses syndiqu\u00e9s ont d\u00e9j\u00e0 durement gagn\u00e9 l\u2019acc\u00e8s \u00e0 des cong\u00e9s de maladie pay\u00e9s\u00a0\u00bb, pr\u00e9cise madame Bruske. \u00ab\u00a0Il faut maintenant voir \u00e0 ce que les nouveaux programmes de cong\u00e9s de maladie soient pr\u00e9vus pour \u00eatre utilis\u00e9s \u2013 et \u00e0 ce que les travailleurs et travailleuses cessent de se sentir oblig\u00e9s de rentrer au travail quand ils sont malades de crainte de perdre leur emploi.\u00a0\u00bb<\/p>\n","protected":false},"excerpt":{"rendered":"<p>\u00c0 la veille des r\u00e9unions des ministres du Travail f\u00e9d\u00e9ral, provinciaux et territoriaux, qui seront pr\u00e9sid\u00e9es par le ministre Seamus O\u2019Regan, les syndicats du Canada incitent les dirigeants du Canada \u00e0 prot\u00e9ger nos communaut\u00e9s contre la COVID-19 et les virus futurs en s\u2019assurant que les travailleurs et travailleuses aient acc\u00e8s \u00e0 10 journ\u00e9es de cong\u00e9 [&hellip;]<\/p>\n","protected":false},"author":3,"featured_media":3578,"comment_status":"closed","ping_status":"open","sticky":false,"template":"","format":"standard","meta":{"_acf_changed":false,"footnotes":""},"categories":[1],"tags":[],"class_list":["post-6275","post","type-post","status-publish","format-standard","has-post-thumbnail","hentry","category-non-classifiee"],"acf":[],"yoast_head":"<!-- This site is optimized with the Yoast SEO plugin v26.9 - https:\/\/yoast.com\/product\/yoast-seo-wordpress\/ -->\n<title>Tous les travailleurs m\u00e9ritent dix journ\u00e9es de cong\u00e9 pay\u00e9 - SEPB<\/title>\n<meta name=\"robots\" content=\"index, follow, max-snippet:-1, max-image-preview:large, max-video-preview:-1\" \/>\n<link rel=\"canonical\" href=\"https:\/\/copesepb.ca\/tous-les-travailleurs-meritent-dix-journees-de-conge-paye\/\" \/>\n<meta property=\"og:locale\" content=\"fr_FR\" \/>\n<meta property=\"og:type\" content=\"article\" \/>\n<meta property=\"og:title\" content=\"Tous les travailleurs m\u00e9ritent dix journ\u00e9es de cong\u00e9 pay\u00e9 - SEPB\" \/>\n<meta property=\"og:description\" content=\"\u00c0 la veille des r\u00e9unions des ministres du Travail f\u00e9d\u00e9ral, provinciaux et territoriaux, qui seront pr\u00e9sid\u00e9es par le ministre Seamus O\u2019Regan, les syndicats du Canada incitent les dirigeants du Canada \u00e0 prot\u00e9ger nos communaut\u00e9s contre la COVID-19 et les virus futurs en s\u2019assurant que les travailleurs et travailleuses aient acc\u00e8s \u00e0 10 journ\u00e9es de cong\u00e9 [&hellip;]\" \/>\n<meta property=\"og:url\" content=\"https:\/\/copesepb.ca\/tous-les-travailleurs-meritent-dix-journees-de-conge-paye\/\" \/>\n<meta property=\"og:site_name\" content=\"SEPB\" \/>\n<meta property=\"article:published_time\" content=\"2022-02-17T20:19:49+00:00\" \/>\n<meta property=\"article:modified_time\" content=\"2022-03-17T20:20:28+00:00\" \/>\n<meta property=\"og:image\" content=\"https:\/\/copesepb.ca\/wp-content\/uploads\/2021\/01\/formation2-scaled.jpeg\" \/>\n\t<meta property=\"og:image:width\" content=\"2560\" \/>\n\t<meta property=\"og:image:height\" content=\"1707\" \/>\n\t<meta property=\"og:image:type\" content=\"image\/jpeg\" \/>\n<meta name=\"author\" content=\"Dave\" \/>\n<meta name=\"twitter:card\" content=\"summary_large_image\" \/>\n<meta name=\"twitter:label1\" content=\"\u00c9crit par\" \/>\n\t<meta name=\"twitter:data1\" content=\"Dave\" \/>\n\t<meta name=\"twitter:label2\" content=\"Dur\u00e9e de lecture estim\u00e9e\" \/>\n\t<meta name=\"twitter:data2\" content=\"2 minutes\" \/>\n<script type=\"application\/ld+json\" class=\"yoast-schema-graph\">{\"@context\":\"https:\/\/schema.org\",\"@graph\":[{\"@type\":\"Article\",\"@id\":\"https:\/\/copesepb.ca\/tous-les-travailleurs-meritent-dix-journees-de-conge-paye\/#article\",\"isPartOf\":{\"@id\":\"https:\/\/copesepb.ca\/tous-les-travailleurs-meritent-dix-journees-de-conge-paye\/\"},\"author\":{\"name\":\"Dave\",\"@id\":\"https:\/\/copesepb.ca\/#\/schema\/person\/a9c2242f274c16f64a8e1410b8ce0425\"},\"headline\":\"Tous les travailleurs m\u00e9ritent dix journ\u00e9es de cong\u00e9 pay\u00e9\",\"datePublished\":\"2022-02-17T20:19:49+00:00\",\"dateModified\":\"2022-03-17T20:20:28+00:00\",\"mainEntityOfPage\":{\"@id\":\"https:\/\/copesepb.ca\/tous-les-travailleurs-meritent-dix-journees-de-conge-paye\/\"},\"wordCount\":507,\"image\":{\"@id\":\"https:\/\/copesepb.ca\/tous-les-travailleurs-meritent-dix-journees-de-conge-paye\/#primaryimage\"},\"thumbnailUrl\":\"https:\/\/copesepb.ca\/wp-content\/uploads\/2021\/01\/formation2-scaled.jpeg\",\"articleSection\":[\"Non classifi\u00e9(e)\"],\"inLanguage\":\"fr-FR\"},{\"@type\":\"WebPage\",\"@id\":\"https:\/\/copesepb.ca\/tous-les-travailleurs-meritent-dix-journees-de-conge-paye\/\",\"url\":\"https:\/\/copesepb.ca\/tous-les-travailleurs-meritent-dix-journees-de-conge-paye\/\",\"name\":\"Tous les travailleurs m\u00e9ritent dix journ\u00e9es de cong\u00e9 pay\u00e9 - SEPB\",\"isPartOf\":{\"@id\":\"https:\/\/copesepb.ca\/#website\"},\"primaryImageOfPage\":{\"@id\":\"https:\/\/copesepb.ca\/tous-les-travailleurs-meritent-dix-journees-de-conge-paye\/#primaryimage\"},\"image\":{\"@id\":\"https:\/\/copesepb.ca\/tous-les-travailleurs-meritent-dix-journees-de-conge-paye\/#primaryimage\"},\"thumbnailUrl\":\"https:\/\/copesepb.ca\/wp-content\/uploads\/2021\/01\/formation2-scaled.jpeg\",\"datePublished\":\"2022-02-17T20:19:49+00:00\",\"dateModified\":\"2022-03-17T20:20:28+00:00\",\"author\":{\"@id\":\"https:\/\/copesepb.ca\/#\/schema\/person\/a9c2242f274c16f64a8e1410b8ce0425\"},\"breadcrumb\":{\"@id\":\"https:\/\/copesepb.ca\/tous-les-travailleurs-meritent-dix-journees-de-conge-paye\/#breadcrumb\"},\"inLanguage\":\"fr-FR\",\"potentialAction\":[{\"@type\":\"ReadAction\",\"target\":[\"https:\/\/copesepb.ca\/tous-les-travailleurs-meritent-dix-journees-de-conge-paye\/\"]}]},{\"@type\":\"ImageObject\",\"inLanguage\":\"fr-FR\",\"@id\":\"https:\/\/copesepb.ca\/tous-les-travailleurs-meritent-dix-journees-de-conge-paye\/#primaryimage\",\"url\":\"https:\/\/copesepb.ca\/wp-content\/uploads\/2021\/01\/formation2-scaled.jpeg\",\"contentUrl\":\"https:\/\/copesepb.ca\/wp-content\/uploads\/2021\/01\/formation2-scaled.jpeg\",\"width\":2560,\"height\":1707},{\"@type\":\"BreadcrumbList\",\"@id\":\"https:\/\/copesepb.ca\/tous-les-travailleurs-meritent-dix-journees-de-conge-paye\/#breadcrumb\",\"itemListElement\":[{\"@type\":\"ListItem\",\"position\":1,\"name\":\"Accueil\",\"item\":\"https:\/\/copesepb.ca\/\"},{\"@type\":\"ListItem\",\"position\":2,\"name\":\"Tous les travailleurs m\u00e9ritent dix journ\u00e9es de cong\u00e9 pay\u00e9\"}]},{\"@type\":\"WebSite\",\"@id\":\"https:\/\/copesepb.ca\/#website\",\"url\":\"https:\/\/copesepb.ca\/\",\"name\":\"SEPB\",\"description\":\"\",\"potentialAction\":[{\"@type\":\"SearchAction\",\"target\":{\"@type\":\"EntryPoint\",\"urlTemplate\":\"https:\/\/copesepb.ca\/?s={search_term_string}\"},\"query-input\":{\"@type\":\"PropertyValueSpecification\",\"valueRequired\":true,\"valueName\":\"search_term_string\"}}],\"inLanguage\":\"fr-FR\"},{\"@type\":\"Person\",\"@id\":\"https:\/\/copesepb.ca\/#\/schema\/person\/a9c2242f274c16f64a8e1410b8ce0425\",\"name\":\"Dave\",\"image\":{\"@type\":\"ImageObject\",\"inLanguage\":\"fr-FR\",\"@id\":\"https:\/\/copesepb.ca\/#\/schema\/person\/image\/\",\"url\":\"https:\/\/secure.gravatar.com\/avatar\/e4a06be28520c72e5f24d8321918ee30e1a2b87a535c46e526760843fb1e6a07?s=96&d=mm&r=g\",\"contentUrl\":\"https:\/\/secure.gravatar.com\/avatar\/e4a06be28520c72e5f24d8321918ee30e1a2b87a535c46e526760843fb1e6a07?s=96&d=mm&r=g\",\"caption\":\"Dave\"}}]}<\/script>\n<!-- \/ Yoast SEO plugin. -->","yoast_head_json":{"title":"Tous les travailleurs m\u00e9ritent dix journ\u00e9es de cong\u00e9 pay\u00e9 - SEPB","robots":{"index":"index","follow":"follow","max-snippet":"max-snippet:-1","max-image-preview":"max-image-preview:large","max-video-preview":"max-video-preview:-1"},"canonical":"https:\/\/copesepb.ca\/tous-les-travailleurs-meritent-dix-journees-de-conge-paye\/","og_locale":"fr_FR","og_type":"article","og_title":"Tous les travailleurs m\u00e9ritent dix journ\u00e9es de cong\u00e9 pay\u00e9 - SEPB","og_description":"\u00c0 la veille des r\u00e9unions des ministres du Travail f\u00e9d\u00e9ral, provinciaux et territoriaux, qui seront pr\u00e9sid\u00e9es par le ministre Seamus O\u2019Regan, les syndicats du Canada incitent les dirigeants du Canada \u00e0 prot\u00e9ger nos communaut\u00e9s contre la COVID-19 et les virus futurs en s\u2019assurant que les travailleurs et travailleuses aient acc\u00e8s \u00e0 10 journ\u00e9es de cong\u00e9 [&hellip;]","og_url":"https:\/\/copesepb.ca\/tous-les-travailleurs-meritent-dix-journees-de-conge-paye\/","og_site_name":"SEPB","article_published_time":"2022-02-17T20:19:49+00:00","article_modified_time":"2022-03-17T20:20:28+00:00","og_image":[{"width":2560,"height":1707,"url":"https:\/\/copesepb.ca\/wp-content\/uploads\/2021\/01\/formation2-scaled.jpeg","type":"image\/jpeg"}],"author":"Dave","twitter_card":"summary_large_image","twitter_misc":{"\u00c9crit par":"Dave","Dur\u00e9e de lecture estim\u00e9e":"2 minutes"},"schema":{"@context":"https:\/\/schema.org","@graph":[{"@type":"Article","@id":"https:\/\/copesepb.ca\/tous-les-travailleurs-meritent-dix-journees-de-conge-paye\/#article","isPartOf":{"@id":"https:\/\/copesepb.ca\/tous-les-travailleurs-meritent-dix-journees-de-conge-paye\/"},"author":{"name":"Dave","@id":"https:\/\/copesepb.ca\/#\/schema\/person\/a9c2242f274c16f64a8e1410b8ce0425"},"headline":"Tous les travailleurs m\u00e9ritent dix journ\u00e9es de cong\u00e9 pay\u00e9","datePublished":"2022-02-17T20:19:49+00:00","dateModified":"2022-03-17T20:20:28+00:00","mainEntityOfPage":{"@id":"https:\/\/copesepb.ca\/tous-les-travailleurs-meritent-dix-journees-de-conge-paye\/"},"wordCount":507,"image":{"@id":"https:\/\/copesepb.ca\/tous-les-travailleurs-meritent-dix-journees-de-conge-paye\/#primaryimage"},"thumbnailUrl":"https:\/\/copesepb.ca\/wp-content\/uploads\/2021\/01\/formation2-scaled.jpeg","articleSection":["Non classifi\u00e9(e)"],"inLanguage":"fr-FR"},{"@type":"WebPage","@id":"https:\/\/copesepb.ca\/tous-les-travailleurs-meritent-dix-journees-de-conge-paye\/","url":"https:\/\/copesepb.ca\/tous-les-travailleurs-meritent-dix-journees-de-conge-paye\/","name":"Tous les travailleurs m\u00e9ritent dix journ\u00e9es de cong\u00e9 pay\u00e9 - SEPB","isPartOf":{"@id":"https:\/\/copesepb.ca\/#website"},"primaryImageOfPage":{"@id":"https:\/\/copesepb.ca\/tous-les-travailleurs-meritent-dix-journees-de-conge-paye\/#primaryimage"},"image":{"@id":"https:\/\/copesepb.ca\/tous-les-travailleurs-meritent-dix-journees-de-conge-paye\/#primaryimage"},"thumbnailUrl":"https:\/\/copesepb.ca\/wp-content\/uploads\/2021\/01\/formation2-scaled.jpeg","datePublished":"2022-02-17T20:19:49+00:00","dateModified":"2022-03-17T20:20:28+00:00","author":{"@id":"https:\/\/copesepb.ca\/#\/schema\/person\/a9c2242f274c16f64a8e1410b8ce0425"},"breadcrumb":{"@id":"https:\/\/copesepb.ca\/tous-les-travailleurs-meritent-dix-journees-de-conge-paye\/#breadcrumb"},"inLanguage":"fr-FR","potentialAction":[{"@type":"ReadAction","target":["https:\/\/copesepb.ca\/tous-les-travailleurs-meritent-dix-journees-de-conge-paye\/"]}]},{"@type":"ImageObject","inLanguage":"fr-FR","@id":"https:\/\/copesepb.ca\/tous-les-travailleurs-meritent-dix-journees-de-conge-paye\/#primaryimage","url":"https:\/\/copesepb.ca\/wp-content\/uploads\/2021\/01\/formation2-scaled.jpeg","contentUrl":"https:\/\/copesepb.ca\/wp-content\/uploads\/2021\/01\/formation2-scaled.jpeg","width":2560,"height":1707},{"@type":"BreadcrumbList","@id":"https:\/\/copesepb.ca\/tous-les-travailleurs-meritent-dix-journees-de-conge-paye\/#breadcrumb","itemListElement":[{"@type":"ListItem","position":1,"name":"Accueil","item":"https:\/\/copesepb.ca\/"},{"@type":"ListItem","position":2,"name":"Tous les travailleurs m\u00e9ritent dix journ\u00e9es de cong\u00e9 pay\u00e9"}]},{"@type":"WebSite","@id":"https:\/\/copesepb.ca\/#website","url":"https:\/\/copesepb.ca\/","name":"SEPB","description":"","potentialAction":[{"@type":"SearchAction","target":{"@type":"EntryPoint","urlTemplate":"https:\/\/copesepb.ca\/?s={search_term_string}"},"query-input":{"@type":"PropertyValueSpecification","valueRequired":true,"valueName":"search_term_string"}}],"inLanguage":"fr-FR"},{"@type":"Person","@id":"https:\/\/copesepb.ca\/#\/schema\/person\/a9c2242f274c16f64a8e1410b8ce0425","name":"Dave","image":{"@type":"ImageObject","inLanguage":"fr-FR","@id":"https:\/\/copesepb.ca\/#\/schema\/person\/image\/","url":"https:\/\/secure.gravatar.com\/avatar\/e4a06be28520c72e5f24d8321918ee30e1a2b87a535c46e526760843fb1e6a07?s=96&d=mm&r=g","contentUrl":"https:\/\/secure.gravatar.com\/avatar\/e4a06be28520c72e5f24d8321918ee30e1a2b87a535c46e526760843fb1e6a07?s=96&d=mm&r=g","caption":"Dave"}}]}},"_links":{"self":[{"href":"https:\/\/copesepb.ca\/fr\/wp-json\/wp\/v2\/posts\/6275","targetHints":{"allow":["GET"]}}],"collection":[{"href":"https:\/\/copesepb.ca\/fr\/wp-json\/wp\/v2\/posts"}],"about":[{"href":"https:\/\/copesepb.ca\/fr\/wp-json\/wp\/v2\/types\/post"}],"author":[{"embeddable":true,"href":"https:\/\/copesepb.ca\/fr\/wp-json\/wp\/v2\/users\/3"}],"replies":[{"embeddable":true,"href":"https:\/\/copesepb.ca\/fr\/wp-json\/wp\/v2\/comments?post=6275"}],"version-history":[{"count":1,"href":"https:\/\/copesepb.ca\/fr\/wp-json\/wp\/v2\/posts\/6275\/revisions"}],"predecessor-version":[{"id":6276,"href":"https:\/\/copesepb.ca\/fr\/wp-json\/wp\/v2\/posts\/6275\/revisions\/6276"}],"wp:featuredmedia":[{"embeddable":true,"href":"https:\/\/copesepb.ca\/fr\/wp-json\/wp\/v2\/media\/3578"}],"wp:attachment":[{"href":"https:\/\/copesepb.ca\/fr\/wp-json\/wp\/v2\/media?parent=6275"}],"wp:term":[{"taxonomy":"category","embeddable":true,"href":"https:\/\/copesepb.ca\/fr\/wp-json\/wp\/v2\/categories?post=6275"},{"taxonomy":"post_tag","embeddable":true,"href":"https:\/\/copesepb.ca\/fr\/wp-json\/wp\/v2\/tags?post=6275"}],"curies":[{"name":"wp","href":"https:\/\/api.w.org\/{rel}","templated":true}]}}